{"id":1125,"date":"2019-09-26T14:21:13","date_gmt":"2019-09-26T14:21:13","guid":{"rendered":"https:\/\/asalaranjeiras.org.br\/site\/?p=1125"},"modified":"2023-08-21T13:19:31","modified_gmt":"2023-08-21T13:19:31","slug":"campanha-para-financiamento-coletivo-revista-ceic","status":"publish","type":"post","link":"https:\/\/asalaranjeiras.org.br\/site\/campanha-para-financiamento-coletivo-revista-ceic\/","title":{"rendered":"Campanha para financiamento coletivo Revista CEIC"},"content":{"rendered":"\n<hr class=\"wp-block-separator\"\/>\n\n\n\n<p class=\"has-drop-cap\">Os nossos #jovenscomunicadores j\u00e1 est\u00e3o produzindo a terceira edi\u00e7\u00e3o da Revista CEIC e criaram uma campanha de financiamento coletivo para voc\u00ea apoiar a impress\u00e3o e a distribui\u00e7\u00e3o gratuita da revista ap\u00f3s o lan\u00e7amento, previsto para o m\u00eas de Novembro.<\/p>\n\n\n\n<p>Fa\u00e7a sua contribui\u00e7\u00e3o aqui: <a href=\"https:\/\/www.kickante.com.br\/campanhas\/impressao-da-revista-ceic\" target=\"_blank\" rel=\"noreferrer noopener\" aria-label=\"http:\/\/bit.ly\/revistaceic (abre numa nova aba)\">http:\/\/bit.ly\/revistaceic<\/a><\/p>\n\n\n\n<p>No Projeto Jovem Comunicador, os participantes aprendem  Comunica\u00e7\u00e3o &#8211; fotografia, produ\u00e7\u00e3o de textos e reportagens, entrevistas, ilustra\u00e7\u00f5es, produ\u00e7\u00e3o audiovisual &#8211; e realizam, eles pr\u00f3prios, a diagrama\u00e7\u00e3o de todo o  conte\u00fado da Revista CEIC, produto que traz informa\u00e7\u00f5es sobre o que acontece nos Centros de Educa\u00e7\u00e3o Integral da Associa\u00e7\u00e3o Cairu\u00e7u, unidade Patrim\u00f4nio, Vila Orat\u00f3rio e Ponta Negra.<\/p>\n\n\n\n<p>Nas duas primeiras edi\u00e7\u00f5es, a Revista CEIC tinha 24 p\u00e1ginas e uma tiragem de 300 exemplares. Agora precisamos de apoio para aumentar o n\u00famero para 40 p\u00e1ginas e a tiragem para 1000 exemplares para aprimorar conhecimentos e aplicar as t\u00e9cnicas aprendidas na produ\u00e7\u00e3o do material.<\/p>\n\n\n\n<p>As revistas s\u00e3o distribu\u00eddas de maneira gratuita.<\/p>\n\n\n\n<hr class=\"wp-block-separator\"\/>\n\n\n\n<ul class=\"wp-block-gallery columns-3 is-cropped wp-block-gallery-1 is-layout-flex wp-block-gallery-is-layout-flex\"><li class=\"blocks-gallery-item\"><figure><img loading=\"lazy\" decoding=\"async\" width=\"559\" height=\"794\" src=\"https:\/\/asalaranjeiras.org.br\/site\/wp-content\/uploads\/2019\/09\/WhatsApp-Image-2019-09-25-at-21.07.24-1.jpeg\" alt=\"\" data-id=\"1127\" data-link=\"https:\/\/asalaranjeiras.org.br\/site\/?attachment_id=1127\" class=\"wp-image-1127\" srcset=\"https:\/\/asalaranjeiras.org.br\/site\/wp-content\/uploads\/2019\/09\/WhatsApp-Image-2019-09-25-at-21.07.24-1.jpeg 559w, https:\/\/asalaranjeiras.org.br\/site\/wp-content\/uploads\/2019\/09\/WhatsApp-Image-2019-09-25-at-21.07.24-1-106x150.jpeg 106w, https:\/\/asalaranjeiras.org.br\/site\/wp-content\/uploads\/2019\/09\/WhatsApp-Image-2019-09-25-at-21.07.24-1-211x300.jpeg 211w\" sizes=\"auto, (max-width: 559px) 100vw, 559px\" \/><\/figure><\/li><li class=\"blocks-gallery-item\"><figure><img loading=\"lazy\" decoding=\"async\" width=\"320\" height=\"451\" src=\"https:\/\/asalaranjeiras.org.br\/site\/wp-content\/uploads\/2019\/09\/WhatsApp-Image-2019-09-25-at-21.07.24.jpeg\" alt=\"\" data-id=\"1128\" data-link=\"https:\/\/asalaranjeiras.org.br\/site\/?attachment_id=1128\" class=\"wp-image-1128\" srcset=\"https:\/\/asalaranjeiras.org.br\/site\/wp-content\/uploads\/2019\/09\/WhatsApp-Image-2019-09-25-at-21.07.24.jpeg 320w, https:\/\/asalaranjeiras.org.br\/site\/wp-content\/uploads\/2019\/09\/WhatsApp-Image-2019-09-25-at-21.07.24-106x150.jpeg 106w, https:\/\/asalaranjeiras.org.br\/site\/wp-content\/uploads\/2019\/09\/WhatsApp-Image-2019-09-25-at-21.07.24-213x300.jpeg 213w\" sizes=\"auto, (max-width: 320px) 100vw, 320px\" \/><\/figure><\/li><li class=\"blocks-gallery-item\"><figure><img loading=\"lazy\" decoding=\"async\" width=\"1024\" height=\"768\" src=\"https:\/\/asalaranjeiras.org.br\/site\/wp-content\/uploads\/2019\/09\/WhatsApp-Image-2019-09-25-at-21.07.25-1-1024x768.jpeg\" alt=\"\" data-id=\"1129\" data-link=\"https:\/\/asalaranjeiras.org.br\/site\/?attachment_id=1129\" class=\"wp-image-1129\" srcset=\"https:\/\/asalaranjeiras.org.br\/site\/wp-content\/uploads\/2019\/09\/WhatsApp-Image-2019-09-25-at-21.07.25-1.jpeg 1024w, https:\/\/asalaranjeiras.org.br\/site\/wp-content\/uploads\/2019\/09\/WhatsApp-Image-2019-09-25-at-21.07.25-1-600x450.jpeg 600w, https:\/\/asalaranjeiras.org.br\/site\/wp-content\/uploads\/2019\/09\/WhatsApp-Image-2019-09-25-at-21.07.25-1-150x113.jpeg 150w, https:\/\/asalaranjeiras.org.br\/site\/wp-content\/uploads\/2019\/09\/WhatsApp-Image-2019-09-25-at-21.07.25-1-300x225.jpeg 300w, https:\/\/asalaranjeiras.org.br\/site\/wp-content\/uploads\/2019\/09\/WhatsApp-Image-2019-09-25-at-21.07.25-1-768x576.jpeg 768w\" sizes=\"auto, (max-width: 1024px) 100vw, 1024px\" \/><\/figure><\/li><li class=\"blocks-gallery-item\"><figure><img loading=\"lazy\" decoding=\"async\" width=\"768\" height=\"1024\" src=\"https:\/\/asalaranjeiras.org.br\/site\/wp-content\/uploads\/2019\/09\/WhatsApp-Image-2019-09-25-at-21.07.25-768x1024.jpeg\" alt=\"\" data-id=\"1130\" data-link=\"https:\/\/asalaranjeiras.org.br\/site\/?attachment_id=1130\" class=\"wp-image-1130\" srcset=\"https:\/\/asalaranjeiras.org.br\/site\/wp-content\/uploads\/2019\/09\/WhatsApp-Image-2019-09-25-at-21.07.25.jpeg 768w, https:\/\/asalaranjeiras.org.br\/site\/wp-content\/uploads\/2019\/09\/WhatsApp-Image-2019-09-25-at-21.07.25-600x800.jpeg 600w, https:\/\/asalaranjeiras.org.br\/site\/wp-content\/uploads\/2019\/09\/WhatsApp-Image-2019-09-25-at-21.07.25-113x150.jpeg 113w, https:\/\/asalaranjeiras.org.br\/site\/wp-content\/uploads\/2019\/09\/WhatsApp-Image-2019-09-25-at-21.07.25-225x300.jpeg 225w\" sizes=\"auto, (max-width: 768px) 100vw, 768px\" \/><\/figure><\/li><\/ul>\n\n\n\n<p>Veja no link abaixo as edi\u00e7\u00f5es anteriores da Revista CEIC:<\/p>\n\n\n\n<figure class=\"wp-block-embed-wordpress wp-block-embed is-type-wp-embed is-provider-associacao-cairucu\"><div class=\"wp-block-embed__wrapper\">\nhttps:\/\/asalaranjeiras.org.br\/site\/programa-tecnologia-e-informacao-pti\/revista-ceic\/\n<\/div><\/figure>\n","protected":false},"excerpt":{"rendered":"<p>Os nossos #jovenscomunicadores j\u00e1 est\u00e3o produzindo a terceira edi\u00e7\u00e3o da Revista CEIC e criaram uma campanha de financiamento coletivo para voc\u00ea apoiar a impress\u00e3o e a distribui\u00e7\u00e3o gratuita da revista ap\u00f3s o lan\u00e7amento, previsto para o m\u00eas de Novembro. Fa\u00e7a sua contribui\u00e7\u00e3o aqui: http:\/\/bit.ly\/revistaceic No Projeto Jovem Comunicador, os participantes aprendem Comunica\u00e7\u00e3o &#8211; fotografia, produ\u00e7\u00e3o [&hellip;]<\/p>\n","protected":false},"author":2,"featured_media":1127,"comment_status":"closed","ping_status":"open","sticky":false,"template":"","format":"standard","meta":{"_uag_custom_page_level_css":"","ghostkit_customizer_options":"","ghostkit_custom_css":"","ghostkit_custom_js_head":"","ghostkit_custom_js_foot":"","ghostkit_typography":"","footnotes":""},"categories":[60,18,52],"tags":[],"class_list":["post-1125","post","type-post","status-publish","format-standard","has-post-thumbnail","hentry","category-informatica-educativa","category-noticia-destaque-capa","category-programa-pedagogico-social"],"uagb_featured_image_src":{"full":["https:\/\/asalaranjeiras.org.br\/site\/wp-content\/uploads\/2019\/09\/WhatsApp-Image-2019-09-25-at-21.07.24-1.jpeg",559,794,false],"thumbnail":["https:\/\/asalaranjeiras.org.br\/site\/wp-content\/uploads\/2019\/09\/WhatsApp-Image-2019-09-25-at-21.07.24-1-106x150.jpeg",106,150,true],"medium":["https:\/\/asalaranjeiras.org.br\/site\/wp-content\/uploads\/2019\/09\/WhatsApp-Image-2019-09-25-at-21.07.24-1-211x300.jpeg",211,300,true],"medium_large":["https:\/\/asalaranjeiras.org.br\/site\/wp-content\/uploads\/2019\/09\/WhatsApp-Image-2019-09-25-at-21.07.24-1.jpeg",559,794,false],"large":["https:\/\/asalaranjeiras.org.br\/site\/wp-content\/uploads\/2019\/09\/WhatsApp-Image-2019-09-25-at-21.07.24-1.jpeg",559,794,false],"1536x1536":["https:\/\/asalaranjeiras.org.br\/site\/wp-content\/uploads\/2019\/09\/WhatsApp-Image-2019-09-25-at-21.07.24-1.jpeg",559,794,false],"2048x2048":["https:\/\/asalaranjeiras.org.br\/site\/wp-content\/uploads\/2019\/09\/WhatsApp-Image-2019-09-25-at-21.07.24-1.jpeg",559,794,false],"awb_sm":["https:\/\/asalaranjeiras.org.br\/site\/wp-content\/uploads\/2019\/09\/WhatsApp-Image-2019-09-25-at-21.07.24-1.jpeg",500,710,false],"awb_md":["https:\/\/asalaranjeiras.org.br\/site\/wp-content\/uploads\/2019\/09\/WhatsApp-Image-2019-09-25-at-21.07.24-1.jpeg",559,794,false],"awb_lg":["https:\/\/asalaranjeiras.org.br\/site\/wp-content\/uploads\/2019\/09\/WhatsApp-Image-2019-09-25-at-21.07.24-1.jpeg",559,794,false],"awb_xl":["https:\/\/asalaranjeiras.org.br\/site\/wp-content\/uploads\/2019\/09\/WhatsApp-Image-2019-09-25-at-21.07.24-1.jpeg",559,794,false],"smr-thumb":["https:\/\/asalaranjeiras.org.br\/site\/wp-content\/uploads\/2019\/09\/WhatsApp-Image-2019-09-25-at-21.07.24-1-559x452.jpeg",559,452,true],"smr-thumb-full":["https:\/\/asalaranjeiras.org.br\/site\/wp-content\/uploads\/2019\/09\/WhatsApp-Image-2019-09-25-at-21.07.24-1-559x613.jpeg",559,613,true]},"uagb_author_info":{"display_name":"Associa\u00e7\u00e3o Cairu\u00e7u","author_link":"https:\/\/asalaranjeiras.org.br\/site\/author\/cairucu\/"},"uagb_comment_info":0,"uagb_excerpt":"Os nossos #jovenscomunicadores j\u00e1 est\u00e3o produzindo a terceira edi\u00e7\u00e3o da Revista CEIC e criaram uma campanha de financiamento coletivo para voc\u00ea apoiar a impress\u00e3o e a distribui\u00e7\u00e3o gratuita da revista ap\u00f3s o lan\u00e7amento, previsto para o m\u00eas de Novembro. Fa\u00e7a sua contribui\u00e7\u00e3o aqui: http:\/\/bit.ly\/revistaceic No Projeto Jovem Comunicador, os participantes aprendem Comunica\u00e7\u00e3o &#8211; fotografia, produ\u00e7\u00e3o&hellip;","_links":{"self":[{"href":"https:\/\/asalaranjeiras.org.br\/site\/wp-json\/wp\/v2\/posts\/1125","targetHints":{"allow":["GET"]}}],"collection":[{"href":"https:\/\/asalaranjeiras.org.br\/site\/wp-json\/wp\/v2\/posts"}],"about":[{"href":"https:\/\/asalaranjeiras.org.br\/site\/wp-json\/wp\/v2\/types\/post"}],"author":[{"embeddable":true,"href":"https:\/\/asalaranjeiras.org.br\/site\/wp-json\/wp\/v2\/users\/2"}],"replies":[{"embeddable":true,"href":"https:\/\/asalaranjeiras.org.br\/site\/wp-json\/wp\/v2\/comments?post=1125"}],"version-history":[{"count":3,"href":"https:\/\/asalaranjeiras.org.br\/site\/wp-json\/wp\/v2\/posts\/1125\/revisions"}],"predecessor-version":[{"id":1133,"href":"https:\/\/asalaranjeiras.org.br\/site\/wp-json\/wp\/v2\/posts\/1125\/revisions\/1133"}],"wp:featuredmedia":[{"embeddable":true,"href":"https:\/\/asalaranjeiras.org.br\/site\/wp-json\/wp\/v2\/media\/1127"}],"wp:attachment":[{"href":"https:\/\/asalaranjeiras.org.br\/site\/wp-json\/wp\/v2\/media?parent=1125"}],"wp:term":[{"taxonomy":"category","embeddable":true,"href":"https:\/\/asalaranjeiras.org.br\/site\/wp-json\/wp\/v2\/categories?post=1125"},{"taxonomy":"post_tag","embeddable":true,"href":"https:\/\/asalaranjeiras.org.br\/site\/wp-json\/wp\/v2\/tags?post=1125"}],"curies":[{"name":"wp","href":"https:\/\/api.w.org\/{rel}","templated":true}]}}