{"id":1151,"date":"2019-10-04T21:37:02","date_gmt":"2019-10-04T21:37:02","guid":{"rendered":"https:\/\/asalaranjeiras.org.br\/site\/?p=1151"},"modified":"2023-08-21T13:19:06","modified_gmt":"2023-08-21T13:19:06","slug":"mostra-de-realizadores-de-audiovisual-paraty-2019","status":"publish","type":"post","link":"https:\/\/asalaranjeiras.org.br\/site\/mostra-de-realizadores-de-audiovisual-paraty-2019\/","title":{"rendered":"Mostra de Realizadores de Audiovisual \u2013 Paraty 2019"},"content":{"rendered":"\n<hr class=\"wp-block-separator\"\/>\n\n\n\n<p class=\"has-drop-cap\">O circuito de exibi\u00e7\u00e3o e vota\u00e7\u00e3o da Mostra de Realizadores de Audiovisual Paraty 2019 acontece nos meses de outubro e novembro, e o evento de premia\u00e7\u00e3o est\u00e1 marcado para o dia 13 de novembro no Cinema da Pra\u00e7a.<br> A  exibi\u00e7\u00e3o da Mostra acontece em sess\u00f5es distribu\u00eddas pelos equipamentos culturais e escolas do munic\u00edpio. O p\u00fablico vota de forma presencial, participando das sess\u00f5es atrav\u00e9s de c\u00e9dulas, ou de forma online, numa enquete publicada na internet em endere\u00e7o a ser divulgado a partir do dia 13 de outubro, dia da abertura da Mostra. <br> Uma Comiss\u00e3o Julgadora formada por membros indicados pela Comiss\u00e3o de Sele\u00e7\u00e3o escolhe os t\u00edtulos concorrentes. Filmes de fic\u00e7\u00e3o e document\u00e1rios concorrem conjuntamente em duas categorias: Realizadores e Estudantil (infanto-juvenil de 7 a 17 anos).<br> Neste ano, foram selecionados 28 v\u00eddeos ao total, sendo 16 na categoria Estudantil e 12 na categoria Realizadores.<br> A Mostra de Realizadores de Audiovisual de Paraty acontece desde 2015, mas s\u00f3 a partir de 2017 ela passou a ser competitiva. \u00c9 uma iniciativa colaborativa desenvolvida pelo Grupo de Pesquisa em Audiovisual, Cinema &amp; Educa\u00e7\u00e3o do N\u00facleo de M\u00eddias, Artes e Tecnologias. Jovens e realizadores de qualquer idade residentes em Paraty podem participar. O objetivo \u00e9 difundir a produ\u00e7\u00e3o local de v\u00eddeos e estimular o encontro entre os realizadores e o p\u00fablico.<br> O Grupo de Pesquisa em Audiovisual, Cinema  &amp; Educa\u00e7\u00e3o \u00e9 um coletivo formado no \u00e2mbito das atividades do N\u00facleo de M\u00eddias em 2016, durante as discuss\u00f5es  sobre as propostas do setor do Audiovisual para o Plano Municipal de Pol\u00edtica Cultural que foram encaminhadas \u00e0 IV Confer\u00eancia Municipal de Cultura. O objetivo do Grupo \u00e9 fortalecer a cadeia produtiva de audiovisual desenvolvendo projetos ligados a educa\u00e7\u00e3o \u2013 com exibi\u00e7\u00e3o de filmes e desenvolvimento de atividades pedag\u00f3gicas com professores e alunos, produ\u00e7\u00e3o e distribui\u00e7\u00e3o de conte\u00fado audiovisual local. Constituiu-se enquanto grupo durante as Oficinas do projeto Grupo de Pesquisa em Audiovisual \u2013 V\u00eddeo e Mem\u00f3ria, organizado pelo Sesc Paraty em 2017. De l\u00e1 para c\u00e1, vem criando e desenvolvendo projetos independentes que aos poucos v\u00e3o incorporando parceiros e colaboradores.<br> PROGRAMA\u00c7\u00c3O<br> Abertura \u2013 13 de outubro, 20h,  no Cinema da Pra\u00e7a \u2013 Categoria Realizadores &#8211; retirar ingresso a partir de 1 hora antes da sess\u00e3o.<br> Circuito de exibi\u00e7\u00e3o e vota\u00e7\u00e3o \u2013 Outubro<br> Dia 16 \u2013 9h \u2013 Cinema da Pra\u00e7a \u2013 Categoria Estudantil \u2013 agendamento das escolas<br> Dia 16 \u2013 14h \u2013 Cinema da Pra\u00e7a \u2013 Categoria Estudantil \u2013 agendamento das escolas<br> Dia 17 &#8211; 9h \u2013 Cinema da Pra\u00e7a \u2013 Categoria Estudantil \u2013 agendamento das escolas<br> Dia 17 \u2013 14h &#8211; Cinema da Pra\u00e7a \u2013 Categoria Estudantil &#8211; agendamento das escolas<br> Dia 20 \u2013 17h30 \u2013 Cinema da Pra\u00e7a \u2013 Categoria Realizadores \u2013 retirar ingresso a partir de 1 hora antes da sess\u00e3o.<br> Dia 22 &#8211; 9h \u2013 Cinema da Pra\u00e7a \u2013 Categoria Estudantil \u2013 agendamento das escolas<br> Dia 22 &#8211; 14h &#8211; Cinema da Pra\u00e7a &#8211; Categoria Estudantil &#8211; agendamento das escolas<br> Dia 23 &#8211; 9h \u2013 Cinema da Pra\u00e7a \u2013 Categoria Estudantil \u2013 agendamento das escolas<br> Dia 23 &#8211; 14h &#8211; Cinema da Pra\u00e7a &#8211; Categoria Estudantil &#8211; agendamento das escolas<br> Dia 24 \u2013 Escola da Barra Grande &#8211; Categoria Estudantil<br> Dia 25 \u2013 Escola da Barra Grande &#8211; Categoria Estudantil<br> Dia 26 &#8211;  17h30 \u2013 Cinema da Pra\u00e7a \u2013 Categoria Realizadores \u2013 retirar ingresso a partir de 1 hora antes da sess\u00e3o.<br> Circuito de exibi\u00e7\u00e3o e vota\u00e7\u00e3o \u2013 Novembro<br> Dia 06 de novembro \u2013 9h \u2013 Associa\u00e7\u00e3o Cairu\u00e7u \u2013 Categoria Estudantil<br> Dia 06 de novembro \u2013 14h \u2013 Associa\u00e7\u00e3o Cairu\u00e7u \u2013 Categoria Estudantil<br> Dia 06 de novembro \u2013 18h \u2013 Associa\u00e7\u00e3o Cairu\u00e7u \u2013 Categoria Estudantil<br> Premia\u00e7\u00e3o \u2013 13 de Novembro, 19h, no Cinema da Pra\u00e7a<br> Facebook: <a href=\"https:\/\/www.facebook.com\/events\/551649732247408\/?event_time_id=551649738914074&amp;ti=cl\">https:\/\/www.facebook.com\/events\/551649732247408\/?event_time_id=551649738914074&amp;ti=cl<\/a><br> Instagram:<br> <a href=\"https:\/\/www.instagram.com\/p\/B3KwOoQhrFJ\/?igshid=8kujjuz3vcvh\">https:\/\/www.instagram.com\/p\/B3KwOoQhrFJ\/?igshid=8kujjuz3vcvh<\/a><\/p>\n\n\n\n<hr class=\"wp-block-separator\"\/>\n\n\n\n<ul class=\"wp-block-gallery columns-3 is-cropped wp-block-gallery-1 is-layout-flex wp-block-gallery-is-layout-flex\"><li class=\"blocks-gallery-item\"><figure><img loading=\"lazy\" decoding=\"async\" width=\"800\" height=\"800\" src=\"https:\/\/asalaranjeiras.org.br\/site\/wp-content\/uploads\/2019\/10\/WhatsApp-Image-2019-10-04-at-17.28.20-1.jpeg\" alt=\"\" data-id=\"1157\" data-link=\"https:\/\/asalaranjeiras.org.br\/site\/mostra-de-realizadores-de-audiovisual-paraty-2019\/whatsapp-image-2019-10-04-at-17-28-20-1\/\" class=\"wp-image-1157\" srcset=\"https:\/\/asalaranjeiras.org.br\/site\/wp-content\/uploads\/2019\/10\/WhatsApp-Image-2019-10-04-at-17.28.20-1.jpeg 800w, https:\/\/asalaranjeiras.org.br\/site\/wp-content\/uploads\/2019\/10\/WhatsApp-Image-2019-10-04-at-17.28.20-1-300x300.jpeg 300w, https:\/\/asalaranjeiras.org.br\/site\/wp-content\/uploads\/2019\/10\/WhatsApp-Image-2019-10-04-at-17.28.20-1-100x100.jpeg 100w, https:\/\/asalaranjeiras.org.br\/site\/wp-content\/uploads\/2019\/10\/WhatsApp-Image-2019-10-04-at-17.28.20-1-600x600.jpeg 600w, https:\/\/asalaranjeiras.org.br\/site\/wp-content\/uploads\/2019\/10\/WhatsApp-Image-2019-10-04-at-17.28.20-1-150x150.jpeg 150w, https:\/\/asalaranjeiras.org.br\/site\/wp-content\/uploads\/2019\/10\/WhatsApp-Image-2019-10-04-at-17.28.20-1-768x768.jpeg 768w\" sizes=\"auto, (max-width: 800px) 100vw, 800px\" \/><\/figure><\/li><li class=\"blocks-gallery-item\"><figure><img loading=\"lazy\" decoding=\"async\" width=\"1024\" height=\"1024\" src=\"https:\/\/asalaranjeiras.org.br\/site\/wp-content\/uploads\/2019\/10\/WhatsApp-Image-2019-10-04-at-17.28.23-1-1024x1024.jpeg\" alt=\"\" data-id=\"1158\" data-link=\"https:\/\/asalaranjeiras.org.br\/site\/mostra-de-realizadores-de-audiovisual-paraty-2019\/whatsapp-image-2019-10-04-at-17-28-23-1\/\" class=\"wp-image-1158\" srcset=\"https:\/\/asalaranjeiras.org.br\/site\/wp-content\/uploads\/2019\/10\/WhatsApp-Image-2019-10-04-at-17.28.23-1-1024x1024.jpeg 1024w, https:\/\/asalaranjeiras.org.br\/site\/wp-content\/uploads\/2019\/10\/WhatsApp-Image-2019-10-04-at-17.28.23-1-300x300.jpeg 300w, https:\/\/asalaranjeiras.org.br\/site\/wp-content\/uploads\/2019\/10\/WhatsApp-Image-2019-10-04-at-17.28.23-1-100x100.jpeg 100w, https:\/\/asalaranjeiras.org.br\/site\/wp-content\/uploads\/2019\/10\/WhatsApp-Image-2019-10-04-at-17.28.23-1-600x600.jpeg 600w, https:\/\/asalaranjeiras.org.br\/site\/wp-content\/uploads\/2019\/10\/WhatsApp-Image-2019-10-04-at-17.28.23-1-150x150.jpeg 150w, https:\/\/asalaranjeiras.org.br\/site\/wp-content\/uploads\/2019\/10\/WhatsApp-Image-2019-10-04-at-17.28.23-1-768x768.jpeg 768w, https:\/\/asalaranjeiras.org.br\/site\/wp-content\/uploads\/2019\/10\/WhatsApp-Image-2019-10-04-at-17.28.23-1.jpeg 1080w\" sizes=\"auto, (max-width: 1024px) 100vw, 1024px\" \/><\/figure><\/li><li class=\"blocks-gallery-item\"><figure><img loading=\"lazy\" decoding=\"async\" width=\"1024\" height=\"1024\" src=\"https:\/\/asalaranjeiras.org.br\/site\/wp-content\/uploads\/2019\/10\/WhatsApp-Image-2019-10-04-at-17.28.24-1-1024x1024.jpeg\" alt=\"\" data-id=\"1159\" data-link=\"https:\/\/asalaranjeiras.org.br\/site\/mostra-de-realizadores-de-audiovisual-paraty-2019\/whatsapp-image-2019-10-04-at-17-28-24-1\/\" class=\"wp-image-1159\" srcset=\"https:\/\/asalaranjeiras.org.br\/site\/wp-content\/uploads\/2019\/10\/WhatsApp-Image-2019-10-04-at-17.28.24-1-1024x1024.jpeg 1024w, https:\/\/asalaranjeiras.org.br\/site\/wp-content\/uploads\/2019\/10\/WhatsApp-Image-2019-10-04-at-17.28.24-1-300x300.jpeg 300w, https:\/\/asalaranjeiras.org.br\/site\/wp-content\/uploads\/2019\/10\/WhatsApp-Image-2019-10-04-at-17.28.24-1-100x100.jpeg 100w, https:\/\/asalaranjeiras.org.br\/site\/wp-content\/uploads\/2019\/10\/WhatsApp-Image-2019-10-04-at-17.28.24-1-600x600.jpeg 600w, https:\/\/asalaranjeiras.org.br\/site\/wp-content\/uploads\/2019\/10\/WhatsApp-Image-2019-10-04-at-17.28.24-1-150x150.jpeg 150w, https:\/\/asalaranjeiras.org.br\/site\/wp-content\/uploads\/2019\/10\/WhatsApp-Image-2019-10-04-at-17.28.24-1-768x768.jpeg 768w, https:\/\/asalaranjeiras.org.br\/site\/wp-content\/uploads\/2019\/10\/WhatsApp-Image-2019-10-04-at-17.28.24-1.jpeg 1080w\" sizes=\"auto, (max-width: 1024px) 100vw, 1024px\" \/><\/figure><\/li><\/ul>\n","protected":false},"excerpt":{"rendered":"<p>O circuito de exibi\u00e7\u00e3o e vota\u00e7\u00e3o da Mostra de Realizadores de Audiovisual Paraty 2019 acontece nos meses de outubro e novembro, e o evento de premia\u00e7\u00e3o est\u00e1 marcado para o dia 13 de novembro no Cinema da Pra\u00e7a. A exibi\u00e7\u00e3o da Mostra acontece em sess\u00f5es distribu\u00eddas pelos equipamentos culturais e escolas do munic\u00edpio. O p\u00fablico [&hellip;]<\/p>\n","protected":false},"author":2,"featured_media":0,"comment_status":"closed","ping_status":"open","sticky":false,"template":"","format":"standard","meta":{"_uag_custom_page_level_css":"","ghostkit_customizer_options":"","ghostkit_custom_css":"","ghostkit_custom_js_head":"","ghostkit_custom_js_foot":"","ghostkit_typography":"","footnotes":""},"categories":[60,52],"tags":[],"class_list":["post-1151","post","type-post","status-publish","format-standard","hentry","category-informatica-educativa","category-programa-pedagogico-social"],"uagb_featured_image_src":{"full":false,"thumbnail":false,"medium":false,"medium_large":false,"large":false,"1536x1536":false,"2048x2048":false,"awb_sm":false,"awb_md":false,"awb_lg":false,"awb_xl":false,"smr-thumb":false,"smr-thumb-full":false},"uagb_author_info":{"display_name":"Associa\u00e7\u00e3o Cairu\u00e7u","author_link":"https:\/\/asalaranjeiras.org.br\/site\/author\/cairucu\/"},"uagb_comment_info":0,"uagb_excerpt":"O circuito de exibi\u00e7\u00e3o e vota\u00e7\u00e3o da Mostra de Realizadores de Audiovisual Paraty 2019 acontece nos meses de outubro e novembro, e o evento de premia\u00e7\u00e3o est\u00e1 marcado para o dia 13 de novembro no Cinema da Pra\u00e7a. A exibi\u00e7\u00e3o da Mostra acontece em sess\u00f5es distribu\u00eddas pelos equipamentos culturais e escolas do munic\u00edpio. O p\u00fablico&hellip;","_links":{"self":[{"href":"https:\/\/asalaranjeiras.org.br\/site\/wp-json\/wp\/v2\/posts\/1151","targetHints":{"allow":["GET"]}}],"collection":[{"href":"https:\/\/asalaranjeiras.org.br\/site\/wp-json\/wp\/v2\/posts"}],"about":[{"href":"https:\/\/asalaranjeiras.org.br\/site\/wp-json\/wp\/v2\/types\/post"}],"author":[{"embeddable":true,"href":"https:\/\/asalaranjeiras.org.br\/site\/wp-json\/wp\/v2\/users\/2"}],"replies":[{"embeddable":true,"href":"https:\/\/asalaranjeiras.org.br\/site\/wp-json\/wp\/v2\/comments?post=1151"}],"version-history":[{"count":3,"href":"https:\/\/asalaranjeiras.org.br\/site\/wp-json\/wp\/v2\/posts\/1151\/revisions"}],"predecessor-version":[{"id":1160,"href":"https:\/\/asalaranjeiras.org.br\/site\/wp-json\/wp\/v2\/posts\/1151\/revisions\/1160"}],"wp:attachment":[{"href":"https:\/\/asalaranjeiras.org.br\/site\/wp-json\/wp\/v2\/media?parent=1151"}],"wp:term":[{"taxonomy":"category","embeddable":true,"href":"https:\/\/asalaranjeiras.org.br\/site\/wp-json\/wp\/v2\/categories?post=1151"},{"taxonomy":"post_tag","embeddable":true,"href":"https:\/\/asalaranjeiras.org.br\/site\/wp-json\/wp\/v2\/tags?post=1151"}],"curies":[{"name":"wp","href":"https:\/\/api.w.org\/{rel}","templated":true}]}}