{"id":1162,"date":"2019-10-16T19:09:24","date_gmt":"2019-10-16T19:09:24","guid":{"rendered":"https:\/\/asalaranjeiras.org.br\/site\/?p=1162"},"modified":"2023-08-21T11:47:16","modified_gmt":"2023-08-21T11:47:16","slug":"criatividade-e-muito-talento-para-o-nascimento-das-novas-coreografias-do-projeto-danca-2019","status":"publish","type":"post","link":"https:\/\/asalaranjeiras.org.br\/site\/criatividade-e-muito-talento-para-o-nascimento-das-novas-coreografias-do-projeto-danca-2019\/","title":{"rendered":"Criatividade e muito talento para o \u201cnascimento\u201d das novas coreografias do Projeto Dan\u00e7a 2019"},"content":{"rendered":"\n<hr class=\"wp-block-separator\"\/>\n\n\n\n<p class=\"has-drop-cap\">O Projeto Dan\u00e7a, que acontece na Associa\u00e7\u00e3o\nCairu\u00e7u desde 2007 e tem \u00e0 frente a educadora e bailarina Elenice Forato\nAlonso, \u00e9 conhecido pelos seus espet\u00e1culos com coreografias elaboradas, com\nmuita t\u00e9cnica e \u00f3timo desempenho do grupo de bailarinas. Este desempenho possibilitou,\ndurante a sua trajet\u00f3ria, diversos pr\u00eamios em v\u00e1rias categorias nos Festivais\nde Dan\u00e7a de Campos de Jord\u00e3o.&nbsp; Neste ano\nde 2019, veio o convite para a participa\u00e7\u00e3o na Mostra de Dan\u00e7a de S\u00e3o Jos\u00e9 dos\nCampos.<\/p>\n\n\n\n<p>Pensar e criar coreografias para um grupo de\n60 crian\u00e7as e jovens bailarinas, que formam o espet\u00e1culo apresentado nos\n\u00faltimos anos na Casa de Cultura de Paraty, &nbsp;\u00e9 desafio aceito pela educadora, que conta com\no apoio da aluna, monitora e futura educadora Danielly Calleg\u00e1rio. <\/p>\n\n\n\n<p>\u201cO espet\u00e1culo do dia 7 de dezembro na Casa da\nCultura vai contar com uma coreografia \u201cde ponta\u201d da Turma de Dan\u00e7a Avan\u00e7ada. A\ncoreografia mostrar\u00e1 uma grande evolu\u00e7\u00e3o da turma: o uso das sapatilhas de\nponta iniciado em 2019. Este momento \u00e9 esperado por todos, pois indica como\nresultado o avan\u00e7o da bailarina e a perspectiva de chegar tamb\u00e9m a uma forma\u00e7\u00e3o\nprofissional\u201d. <\/p>\n\n\n\n<p>Uma participa\u00e7\u00e3o especial neste ano ser\u00e1 a\ncoreografia de Dan\u00e7a Contempor\u00e2nea, com a participa\u00e7\u00e3o teatral de Paulo \u00cautico,\naluno em diversos Projetos da Associa\u00e7\u00e3o Cairu\u00e7u, e que certamente ir\u00e1 abrilhantar\nainda mais o espet\u00e1culo. <\/p>\n\n\n\n<p>Na escolha do repert\u00f3rio musical que acompanha as coreografias, a inten\u00e7\u00e3o \u00e9 sempre valorizar a m\u00fasica brasileira e m\u00fasicas cl\u00e1ssicas, muito usadas em espet\u00e1culos de ballet cl\u00e1ssico. A alegria das crian\u00e7as dan\u00e7ando em palco \u00e9 o mais importante e isso com certeza n\u00e3o faltar\u00e1. (relato empolgado da educadora Elenice).<\/p>\n\n\n\n<hr class=\"wp-block-separator\"\/>\n\n\n\n<ul class=\"wp-block-gallery aligncenter columns-3 is-cropped wp-block-gallery-1 is-layout-flex wp-block-gallery-is-layout-flex\"><li class=\"blocks-gallery-item\"><figure><img loading=\"lazy\" decoding=\"async\" width=\"1024\" height=\"682\" src=\"https:\/\/asalaranjeiras.org.br\/site\/wp-content\/uploads\/2019\/10\/WhatsApp-Image-2019-10-15-at-12.13.17-1-1024x682.jpeg\" alt=\"\" data-id=\"1163\" data-link=\"https:\/\/asalaranjeiras.org.br\/site\/?attachment_id=1163\" class=\"wp-image-1163\" srcset=\"https:\/\/asalaranjeiras.org.br\/site\/wp-content\/uploads\/2019\/10\/WhatsApp-Image-2019-10-15-at-12.13.17-1-1024x682.jpeg 1024w, https:\/\/asalaranjeiras.org.br\/site\/wp-content\/uploads\/2019\/10\/WhatsApp-Image-2019-10-15-at-12.13.17-1-600x400.jpeg 600w, https:\/\/asalaranjeiras.org.br\/site\/wp-content\/uploads\/2019\/10\/WhatsApp-Image-2019-10-15-at-12.13.17-1-150x100.jpeg 150w, https:\/\/asalaranjeiras.org.br\/site\/wp-content\/uploads\/2019\/10\/WhatsApp-Image-2019-10-15-at-12.13.17-1-300x200.jpeg 300w, https:\/\/asalaranjeiras.org.br\/site\/wp-content\/uploads\/2019\/10\/WhatsApp-Image-2019-10-15-at-12.13.17-1-768x512.jpeg 768w, https:\/\/asalaranjeiras.org.br\/site\/wp-content\/uploads\/2019\/10\/WhatsApp-Image-2019-10-15-at-12.13.17-1.jpeg 1280w\" sizes=\"auto, (max-width: 1024px) 100vw, 1024px\" \/><\/figure><\/li><li class=\"blocks-gallery-item\"><figure><img loading=\"lazy\" decoding=\"async\" width=\"682\" height=\"1024\" src=\"https:\/\/asalaranjeiras.org.br\/site\/wp-content\/uploads\/2019\/10\/WhatsApp-Image-2019-10-15-at-12.13.15-1-682x1024.jpeg\" alt=\"\" data-id=\"1164\" data-link=\"https:\/\/asalaranjeiras.org.br\/site\/?attachment_id=1164\" class=\"wp-image-1164\" srcset=\"https:\/\/asalaranjeiras.org.br\/site\/wp-content\/uploads\/2019\/10\/WhatsApp-Image-2019-10-15-at-12.13.15-1-682x1024.jpeg 682w, https:\/\/asalaranjeiras.org.br\/site\/wp-content\/uploads\/2019\/10\/WhatsApp-Image-2019-10-15-at-12.13.15-1-600x900.jpeg 600w, https:\/\/asalaranjeiras.org.br\/site\/wp-content\/uploads\/2019\/10\/WhatsApp-Image-2019-10-15-at-12.13.15-1-100x150.jpeg 100w, https:\/\/asalaranjeiras.org.br\/site\/wp-content\/uploads\/2019\/10\/WhatsApp-Image-2019-10-15-at-12.13.15-1-200x300.jpeg 200w, https:\/\/asalaranjeiras.org.br\/site\/wp-content\/uploads\/2019\/10\/WhatsApp-Image-2019-10-15-at-12.13.15-1-768x1152.jpeg 768w, https:\/\/asalaranjeiras.org.br\/site\/wp-content\/uploads\/2019\/10\/WhatsApp-Image-2019-10-15-at-12.13.15-1.jpeg 853w\" sizes=\"auto, (max-width: 682px) 100vw, 682px\" \/><\/figure><\/li><li class=\"blocks-gallery-item\"><figure><img loading=\"lazy\" decoding=\"async\" width=\"1024\" height=\"682\" src=\"https:\/\/asalaranjeiras.org.br\/site\/wp-content\/uploads\/2019\/10\/WhatsApp-Image-2019-10-15-at-12.13.15-1024x682.jpeg\" alt=\"\" data-id=\"1165\" data-link=\"https:\/\/asalaranjeiras.org.br\/site\/?attachment_id=1165\" class=\"wp-image-1165\" srcset=\"https:\/\/asalaranjeiras.org.br\/site\/wp-content\/uploads\/2019\/10\/WhatsApp-Image-2019-10-15-at-12.13.15-1024x682.jpeg 1024w, https:\/\/asalaranjeiras.org.br\/site\/wp-content\/uploads\/2019\/10\/WhatsApp-Image-2019-10-15-at-12.13.15-600x400.jpeg 600w, https:\/\/asalaranjeiras.org.br\/site\/wp-content\/uploads\/2019\/10\/WhatsApp-Image-2019-10-15-at-12.13.15-150x100.jpeg 150w, https:\/\/asalaranjeiras.org.br\/site\/wp-content\/uploads\/2019\/10\/WhatsApp-Image-2019-10-15-at-12.13.15-300x200.jpeg 300w, https:\/\/asalaranjeiras.org.br\/site\/wp-content\/uploads\/2019\/10\/WhatsApp-Image-2019-10-15-at-12.13.15-768x512.jpeg 768w, https:\/\/asalaranjeiras.org.br\/site\/wp-content\/uploads\/2019\/10\/WhatsApp-Image-2019-10-15-at-12.13.15.jpeg 1280w\" sizes=\"auto, (max-width: 1024px) 100vw, 1024px\" \/><\/figure><\/li><li class=\"blocks-gallery-item\"><figure><img loading=\"lazy\" decoding=\"async\" width=\"1024\" height=\"682\" src=\"https:\/\/asalaranjeiras.org.br\/site\/wp-content\/uploads\/2019\/10\/WhatsApp-Image-2019-10-15-at-12.13.16-1-1024x682.jpeg\" alt=\"\" data-id=\"1166\" data-link=\"https:\/\/asalaranjeiras.org.br\/site\/?attachment_id=1166\" class=\"wp-image-1166\" srcset=\"https:\/\/asalaranjeiras.org.br\/site\/wp-content\/uploads\/2019\/10\/WhatsApp-Image-2019-10-15-at-12.13.16-1-1024x682.jpeg 1024w, https:\/\/asalaranjeiras.org.br\/site\/wp-content\/uploads\/2019\/10\/WhatsApp-Image-2019-10-15-at-12.13.16-1-600x400.jpeg 600w, https:\/\/asalaranjeiras.org.br\/site\/wp-content\/uploads\/2019\/10\/WhatsApp-Image-2019-10-15-at-12.13.16-1-150x100.jpeg 150w, https:\/\/asalaranjeiras.org.br\/site\/wp-content\/uploads\/2019\/10\/WhatsApp-Image-2019-10-15-at-12.13.16-1-300x200.jpeg 300w, https:\/\/asalaranjeiras.org.br\/site\/wp-content\/uploads\/2019\/10\/WhatsApp-Image-2019-10-15-at-12.13.16-1-768x512.jpeg 768w, https:\/\/asalaranjeiras.org.br\/site\/wp-content\/uploads\/2019\/10\/WhatsApp-Image-2019-10-15-at-12.13.16-1.jpeg 1280w\" sizes=\"auto, (max-width: 1024px) 100vw, 1024px\" \/><\/figure><\/li><li class=\"blocks-gallery-item\"><figure><img loading=\"lazy\" decoding=\"async\" width=\"1024\" height=\"682\" src=\"https:\/\/asalaranjeiras.org.br\/site\/wp-content\/uploads\/2019\/10\/WhatsApp-Image-2019-10-15-at-12.13.16-1024x682.jpeg\" alt=\"\" data-id=\"1167\" data-link=\"https:\/\/asalaranjeiras.org.br\/site\/?attachment_id=1167\" class=\"wp-image-1167\" srcset=\"https:\/\/asalaranjeiras.org.br\/site\/wp-content\/uploads\/2019\/10\/WhatsApp-Image-2019-10-15-at-12.13.16-1024x682.jpeg 1024w, https:\/\/asalaranjeiras.org.br\/site\/wp-content\/uploads\/2019\/10\/WhatsApp-Image-2019-10-15-at-12.13.16-600x400.jpeg 600w, https:\/\/asalaranjeiras.org.br\/site\/wp-content\/uploads\/2019\/10\/WhatsApp-Image-2019-10-15-at-12.13.16-150x100.jpeg 150w, https:\/\/asalaranjeiras.org.br\/site\/wp-content\/uploads\/2019\/10\/WhatsApp-Image-2019-10-15-at-12.13.16-300x200.jpeg 300w, https:\/\/asalaranjeiras.org.br\/site\/wp-content\/uploads\/2019\/10\/WhatsApp-Image-2019-10-15-at-12.13.16-768x512.jpeg 768w, https:\/\/asalaranjeiras.org.br\/site\/wp-content\/uploads\/2019\/10\/WhatsApp-Image-2019-10-15-at-12.13.16.jpeg 1280w\" sizes=\"auto, (max-width: 1024px) 100vw, 1024px\" \/><\/figure><\/li><\/ul>\n","protected":false},"excerpt":{"rendered":"<p>O Projeto Dan\u00e7a, que acontece na Associa\u00e7\u00e3o Cairu\u00e7u desde 2007 e tem \u00e0 frente a educadora e bailarina Elenice Forato Alonso, \u00e9 conhecido pelos seus espet\u00e1culos com coreografias elaboradas, com muita t\u00e9cnica e \u00f3timo desempenho do grupo de bailarinas. Este desempenho possibilitou, durante a sua trajet\u00f3ria, diversos pr\u00eamios em v\u00e1rias categorias nos Festivais de Dan\u00e7a [&hellip;]<\/p>\n","protected":false},"author":2,"featured_media":0,"comment_status":"closed","ping_status":"open","sticky":false,"template":"","format":"standard","meta":{"_uag_custom_page_level_css":"","ghostkit_customizer_options":"","ghostkit_custom_css":"","ghostkit_custom_js_head":"","ghostkit_custom_js_foot":"","ghostkit_typography":"","footnotes":""},"categories":[55,52],"tags":[],"class_list":["post-1162","post","type-post","status-publish","format-standard","hentry","category-danca","category-programa-pedagogico-social"],"uagb_featured_image_src":{"full":false,"thumbnail":false,"medium":false,"medium_large":false,"large":false,"1536x1536":false,"2048x2048":false,"awb_sm":false,"awb_md":false,"awb_lg":false,"awb_xl":false,"smr-thumb":false,"smr-thumb-full":false},"uagb_author_info":{"display_name":"Associa\u00e7\u00e3o Cairu\u00e7u","author_link":"https:\/\/asalaranjeiras.org.br\/site\/author\/cairucu\/"},"uagb_comment_info":0,"uagb_excerpt":"O Projeto Dan\u00e7a, que acontece na Associa\u00e7\u00e3o Cairu\u00e7u desde 2007 e tem \u00e0 frente a educadora e bailarina Elenice Forato Alonso, \u00e9 conhecido pelos seus espet\u00e1culos com coreografias elaboradas, com muita t\u00e9cnica e \u00f3timo desempenho do grupo de bailarinas. Este desempenho possibilitou, durante a sua trajet\u00f3ria, diversos pr\u00eamios em v\u00e1rias categorias nos Festivais de Dan\u00e7a&hellip;","_links":{"self":[{"href":"https:\/\/asalaranjeiras.org.br\/site\/wp-json\/wp\/v2\/posts\/1162","targetHints":{"allow":["GET"]}}],"collection":[{"href":"https:\/\/asalaranjeiras.org.br\/site\/wp-json\/wp\/v2\/posts"}],"about":[{"href":"https:\/\/asalaranjeiras.org.br\/site\/wp-json\/wp\/v2\/types\/post"}],"author":[{"embeddable":true,"href":"https:\/\/asalaranjeiras.org.br\/site\/wp-json\/wp\/v2\/users\/2"}],"replies":[{"embeddable":true,"href":"https:\/\/asalaranjeiras.org.br\/site\/wp-json\/wp\/v2\/comments?post=1162"}],"version-history":[{"count":1,"href":"https:\/\/asalaranjeiras.org.br\/site\/wp-json\/wp\/v2\/posts\/1162\/revisions"}],"predecessor-version":[{"id":1169,"href":"https:\/\/asalaranjeiras.org.br\/site\/wp-json\/wp\/v2\/posts\/1162\/revisions\/1169"}],"wp:attachment":[{"href":"https:\/\/asalaranjeiras.org.br\/site\/wp-json\/wp\/v2\/media?parent=1162"}],"wp:term":[{"taxonomy":"category","embeddable":true,"href":"https:\/\/asalaranjeiras.org.br\/site\/wp-json\/wp\/v2\/categories?post=1162"},{"taxonomy":"post_tag","embeddable":true,"href":"https:\/\/asalaranjeiras.org.br\/site\/wp-json\/wp\/v2\/tags?post=1162"}],"curies":[{"name":"wp","href":"https:\/\/api.w.org\/{rel}","templated":true}]}}