{"id":15842,"date":"2020-07-23T18:06:42","date_gmt":"2020-07-23T18:06:42","guid":{"rendered":"https:\/\/asalaranjeiras.org.br\/site\/?p=15842"},"modified":"2023-08-21T13:18:19","modified_gmt":"2023-08-21T13:18:19","slug":"novos-educadores-projeto-jovem-comunicador","status":"publish","type":"post","link":"https:\/\/asalaranjeiras.org.br\/site\/novos-educadores-projeto-jovem-comunicador\/","title":{"rendered":"NOVOS EDUCADORES  PROJETO JOVEM COMUNICADOR"},"content":{"rendered":"\n<hr class=\"wp-block-separator\"\/>\n\n\n\n<p>Este ano o projeto Jovem\nComunicador da Cairu\u00e7u recebeu uma nova leva de educadores, que chegaram,\ndigamos, no momento mais inusitado. Os profissionais foram convocados para\ntrabalhar tem\u00e1ticas do campo da comunica\u00e7\u00e3o, no momento em que mais estamos\nvendo sua import\u00e2ncia: na quarentena. <\/p>\n\n\n\n<p>Filipe Campos, formado em Audiovisual, ingressou ainda no primeiro semestre para falar sobre fotografia e v\u00eddeo. Depois de duas aulas presenciais, veio a pandemia da COVID-19 e o educador precisou transformar sua estrat\u00e9gia, partindo para as v\u00eddeo aulas. Com ele aprendemos sobre pixels, resolu\u00e7\u00e3o de tela, atalhos do teclado, t\u00e9cnicas de fotografia e mais. Alguns v\u00eddeos podem ser conferidos no canal da Cairu\u00e7u no YouTube. (<a href=\"https:\/\/www.youtube.com\/channel\/UCjk_R2gF87MYUGJMjvNGIgQ?view_as=subscriber\">https:\/\/www.youtube.com\/channel\/UCjk_R2gF87MYUGJMjvNGIgQ?view_as=subscriber<\/a>)<\/p>\n\n\n\n<p>Tamb\u00e9m do time do audiovisual,\nCamila Portela, formada em Comunica\u00e7\u00e3o Social,&nbsp;\n\u00e9 quem tem orientado os jovens comunicadores na edi\u00e7\u00e3o de v\u00eddeos dos\nprojetos, esses que temos visto rodando nas redes da Cairu\u00e7u! Ela tamb\u00e9m\ntrabalha a elabora\u00e7\u00e3o de roteiros e tudo o que h\u00e1 para se pensar em torno do\nuniverso audiovisual, contribuindo, inclusive, no aprendizado dos pr\u00f3prios\neducadores e coordenadores para o desenvolvimento das aulas em v\u00eddeo. <\/p>\n\n\n\n<p>E, para completar esse time, a\njornalista e educadora Tayn\u00e1 P\u00e1dua, veio para adicionar palavras nesse\ncaldeir\u00e3o comunicacional e conduzir a produ\u00e7\u00e3o textual. Afinal, teremos mais\numa edi\u00e7\u00e3o da revista CEIC! Com ela os estudantes est\u00e3o aprendendo sobre\npautas, apura\u00e7\u00e3o e muitas outras t\u00e9cnicas de jornalismo, que ser\u00e3o \u00fateis para a\nprodu\u00e7\u00e3o das mat\u00e9rias. Al\u00e9m de debater quest\u00f5es mais amplas da \u00e1rea da\ncomunica\u00e7\u00e3o e m\u00eddias digitais.<\/p>\n\n\n\n<p>Cada educador, com sua expertise, encarou o desafio das aulas remotas para oferecer o melhor aos nossos jovens e n\u00e3o permitir que eles deixem de criar e se comunicar nesse per\u00edodo. Tem muita coisa rolando por aqui, e ainda vem mais! Fiquem ligados nas redes da Cairu\u00e7u para n\u00e3o perder nada!\u00a0 <\/p>\n\n\n\n<hr class=\"wp-block-separator\"\/>\n\n\n\n<ul class=\"wp-block-gallery columns-3 is-cropped wp-block-gallery-1 is-layout-flex wp-block-gallery-is-layout-flex\"><li class=\"blocks-gallery-item\"><figure><img loading=\"lazy\" decoding=\"async\" width=\"819\" height=\"1024\" src=\"https:\/\/asalaranjeiras.org.br\/site\/wp-content\/uploads\/2020\/07\/WhatsApp-Image-2020-07-23-at-14.47.41-819x1024.jpeg\" alt=\"\" data-id=\"15848\" data-link=\"https:\/\/asalaranjeiras.org.br\/site\/?attachment_id=15848\" class=\"wp-image-15848\" srcset=\"https:\/\/asalaranjeiras.org.br\/site\/wp-content\/uploads\/2020\/07\/WhatsApp-Image-2020-07-23-at-14.47.41-819x1024.jpeg 819w, https:\/\/asalaranjeiras.org.br\/site\/wp-content\/uploads\/2020\/07\/WhatsApp-Image-2020-07-23-at-14.47.41-120x150.jpeg 120w, https:\/\/asalaranjeiras.org.br\/site\/wp-content\/uploads\/2020\/07\/WhatsApp-Image-2020-07-23-at-14.47.41-240x300.jpeg 240w, https:\/\/asalaranjeiras.org.br\/site\/wp-content\/uploads\/2020\/07\/WhatsApp-Image-2020-07-23-at-14.47.41-768x960.jpeg 768w, https:\/\/asalaranjeiras.org.br\/site\/wp-content\/uploads\/2020\/07\/WhatsApp-Image-2020-07-23-at-14.47.41-600x750.jpeg 600w, https:\/\/asalaranjeiras.org.br\/site\/wp-content\/uploads\/2020\/07\/WhatsApp-Image-2020-07-23-at-14.47.41.jpeg 960w\" sizes=\"auto, (max-width: 819px) 100vw, 819px\" \/><figcaption>Tayn\u00e1<\/figcaption><\/figure><\/li><li class=\"blocks-gallery-item\"><figure><img loading=\"lazy\" decoding=\"async\" width=\"768\" height=\"960\" src=\"https:\/\/asalaranjeiras.org.br\/site\/wp-content\/uploads\/2020\/07\/WhatsApp-Image-2020-07-23-at-14.47.50.jpeg\" alt=\"\" data-id=\"15849\" data-link=\"https:\/\/asalaranjeiras.org.br\/site\/?attachment_id=15849\" class=\"wp-image-15849\" srcset=\"https:\/\/asalaranjeiras.org.br\/site\/wp-content\/uploads\/2020\/07\/WhatsApp-Image-2020-07-23-at-14.47.50.jpeg 768w, https:\/\/asalaranjeiras.org.br\/site\/wp-content\/uploads\/2020\/07\/WhatsApp-Image-2020-07-23-at-14.47.50-120x150.jpeg 120w, https:\/\/asalaranjeiras.org.br\/site\/wp-content\/uploads\/2020\/07\/WhatsApp-Image-2020-07-23-at-14.47.50-240x300.jpeg 240w, https:\/\/asalaranjeiras.org.br\/site\/wp-content\/uploads\/2020\/07\/WhatsApp-Image-2020-07-23-at-14.47.50-600x750.jpeg 600w\" sizes=\"auto, (max-width: 768px) 100vw, 768px\" \/><figcaption>Camila<\/figcaption><\/figure><\/li><li class=\"blocks-gallery-item\"><figure><img loading=\"lazy\" decoding=\"async\" width=\"767\" height=\"960\" src=\"https:\/\/asalaranjeiras.org.br\/site\/wp-content\/uploads\/2020\/07\/WhatsApp-Image-2020-07-23-at-14.48.08.jpeg\" alt=\"\" data-id=\"15850\" data-link=\"https:\/\/asalaranjeiras.org.br\/site\/?attachment_id=15850\" class=\"wp-image-15850\" srcset=\"https:\/\/asalaranjeiras.org.br\/site\/wp-content\/uploads\/2020\/07\/WhatsApp-Image-2020-07-23-at-14.48.08.jpeg 767w, https:\/\/asalaranjeiras.org.br\/site\/wp-content\/uploads\/2020\/07\/WhatsApp-Image-2020-07-23-at-14.48.08-120x150.jpeg 120w, https:\/\/asalaranjeiras.org.br\/site\/wp-content\/uploads\/2020\/07\/WhatsApp-Image-2020-07-23-at-14.48.08-240x300.jpeg 240w, https:\/\/asalaranjeiras.org.br\/site\/wp-content\/uploads\/2020\/07\/WhatsApp-Image-2020-07-23-at-14.48.08-600x751.jpeg 600w\" sizes=\"auto, (max-width: 767px) 100vw, 767px\" \/><figcaption>Filipe<\/figcaption><\/figure><\/li><\/ul>\n","protected":false},"excerpt":{"rendered":"<p>Este ano o projeto Jovem Comunicador da Cairu\u00e7u recebeu uma nova leva de educadores, que chegaram, digamos, no momento mais inusitado. Os profissionais foram convocados para trabalhar tem\u00e1ticas do campo da comunica\u00e7\u00e3o, no momento em que mais estamos vendo sua import\u00e2ncia: na quarentena. Filipe Campos, formado em Audiovisual, ingressou ainda no primeiro semestre para falar [&hellip;]<\/p>\n","protected":false},"author":2,"featured_media":0,"comment_status":"closed","ping_status":"open","sticky":false,"template":"","format":"standard","meta":{"_uag_custom_page_level_css":"","ghostkit_customizer_options":"","ghostkit_custom_css":"","ghostkit_custom_js_head":"","ghostkit_custom_js_foot":"","ghostkit_typography":"","footnotes":""},"categories":[60,52],"tags":[],"class_list":["post-15842","post","type-post","status-publish","format-standard","hentry","category-informatica-educativa","category-programa-pedagogico-social"],"uagb_featured_image_src":{"full":false,"thumbnail":false,"medium":false,"medium_large":false,"large":false,"1536x1536":false,"2048x2048":false,"awb_sm":false,"awb_md":false,"awb_lg":false,"awb_xl":false,"smr-thumb":false,"smr-thumb-full":false},"uagb_author_info":{"display_name":"Associa\u00e7\u00e3o Cairu\u00e7u","author_link":"https:\/\/asalaranjeiras.org.br\/site\/author\/cairucu\/"},"uagb_comment_info":0,"uagb_excerpt":"Este ano o projeto Jovem Comunicador da Cairu\u00e7u recebeu uma nova leva de educadores, que chegaram, digamos, no momento mais inusitado. Os profissionais foram convocados para trabalhar tem\u00e1ticas do campo da comunica\u00e7\u00e3o, no momento em que mais estamos vendo sua import\u00e2ncia: na quarentena. Filipe Campos, formado em Audiovisual, ingressou ainda no primeiro semestre para falar&hellip;","_links":{"self":[{"href":"https:\/\/asalaranjeiras.org.br\/site\/wp-json\/wp\/v2\/posts\/15842","targetHints":{"allow":["GET"]}}],"collection":[{"href":"https:\/\/asalaranjeiras.org.br\/site\/wp-json\/wp\/v2\/posts"}],"about":[{"href":"https:\/\/asalaranjeiras.org.br\/site\/wp-json\/wp\/v2\/types\/post"}],"author":[{"embeddable":true,"href":"https:\/\/asalaranjeiras.org.br\/site\/wp-json\/wp\/v2\/users\/2"}],"replies":[{"embeddable":true,"href":"https:\/\/asalaranjeiras.org.br\/site\/wp-json\/wp\/v2\/comments?post=15842"}],"version-history":[{"count":1,"href":"https:\/\/asalaranjeiras.org.br\/site\/wp-json\/wp\/v2\/posts\/15842\/revisions"}],"predecessor-version":[{"id":15855,"href":"https:\/\/asalaranjeiras.org.br\/site\/wp-json\/wp\/v2\/posts\/15842\/revisions\/15855"}],"wp:attachment":[{"href":"https:\/\/asalaranjeiras.org.br\/site\/wp-json\/wp\/v2\/media?parent=15842"}],"wp:term":[{"taxonomy":"category","embeddable":true,"href":"https:\/\/asalaranjeiras.org.br\/site\/wp-json\/wp\/v2\/categories?post=15842"},{"taxonomy":"post_tag","embeddable":true,"href":"https:\/\/asalaranjeiras.org.br\/site\/wp-json\/wp\/v2\/tags?post=15842"}],"curies":[{"name":"wp","href":"https:\/\/api.w.org\/{rel}","templated":true}]}}