{"id":1783,"date":"2019-11-26T22:55:48","date_gmt":"2019-11-26T22:55:48","guid":{"rendered":"https:\/\/asalaranjeiras.org.br\/site\/?p=1783"},"modified":"2023-08-21T13:18:45","modified_gmt":"2023-08-21T13:18:45","slug":"premiacao-da-mostra-de-realizadores-de-audiovisual-paraty-2019","status":"publish","type":"post","link":"https:\/\/asalaranjeiras.org.br\/site\/premiacao-da-mostra-de-realizadores-de-audiovisual-paraty-2019\/","title":{"rendered":"Premia\u00e7\u00e3o da Mostra de Realizadores de Audiovisual Paraty 2019"},"content":{"rendered":"\n<hr class=\"wp-block-separator\"\/>\n\n\n\n<p class=\"has-drop-cap\">aconteceu na noite de 15 de novembro, no Cinema da Pra\u00e7a. Foram seis realizadores premiados eleitos pelo Juri Popular e pelo Juri da Mostra.  <\/p>\n\n\n\n<p>O curta produzido pelos alunos do Projeto Jovem Comunicador no ano de 2018 , A Vida \u00e9 um Sonho foi premiado pelo J\u00fari da Mostra na categoria Estudantil.<\/p>\n\n\n\n<p>Os alunos estar\u00e3o recebendo o pr\u00eamio da Mostra realizada pelo N\u00facleo de M\u00eddias e Tecnologia de Paraty no dia 27\/11\/19 \u00e0s 15h no Cinema da Pra\u00e7a. <\/p>\n\n\n\n<p>Parab\u00e9ns a todos os jovens envolvidos e a educadora D\u00e9bora Monteiro pelo trabalho junto aos alunos.<\/p>\n\n\n\n<hr class=\"wp-block-separator\"\/>\n\n\n\n<ul class=\"wp-block-gallery columns-2 is-cropped wp-block-gallery-1 is-layout-flex wp-block-gallery-is-layout-flex\"><li class=\"blocks-gallery-item\"><figure><img loading=\"lazy\" decoding=\"async\" width=\"768\" height=\"1024\" src=\"https:\/\/asalaranjeiras.org.br\/site\/wp-content\/uploads\/2019\/11\/mostra1-768x1024.jpg\" alt=\"\" data-id=\"1785\" data-link=\"https:\/\/asalaranjeiras.org.br\/site\/?attachment_id=1785\" class=\"wp-image-1785\" srcset=\"https:\/\/asalaranjeiras.org.br\/site\/wp-content\/uploads\/2019\/11\/mostra1-768x1024.jpg 768w, https:\/\/asalaranjeiras.org.br\/site\/wp-content\/uploads\/2019\/11\/mostra1-113x150.jpg 113w, https:\/\/asalaranjeiras.org.br\/site\/wp-content\/uploads\/2019\/11\/mostra1-225x300.jpg 225w, https:\/\/asalaranjeiras.org.br\/site\/wp-content\/uploads\/2019\/11\/mostra1-600x800.jpg 600w, https:\/\/asalaranjeiras.org.br\/site\/wp-content\/uploads\/2019\/11\/mostra1.jpg 960w\" sizes=\"auto, (max-width: 768px) 100vw, 768px\" \/><\/figure><\/li><li class=\"blocks-gallery-item\"><figure><img loading=\"lazy\" decoding=\"async\" width=\"1024\" height=\"768\" src=\"https:\/\/asalaranjeiras.org.br\/site\/wp-content\/uploads\/2019\/11\/mostra-1024x768.jpg\" alt=\"\" data-id=\"1784\" data-link=\"https:\/\/asalaranjeiras.org.br\/site\/?attachment_id=1784\" class=\"wp-image-1784\" srcset=\"https:\/\/asalaranjeiras.org.br\/site\/wp-content\/uploads\/2019\/11\/mostra-1024x768.jpg 1024w, https:\/\/asalaranjeiras.org.br\/site\/wp-content\/uploads\/2019\/11\/mostra-150x113.jpg 150w, https:\/\/asalaranjeiras.org.br\/site\/wp-content\/uploads\/2019\/11\/mostra-300x225.jpg 300w, https:\/\/asalaranjeiras.org.br\/site\/wp-content\/uploads\/2019\/11\/mostra-768x576.jpg 768w, https:\/\/asalaranjeiras.org.br\/site\/wp-content\/uploads\/2019\/11\/mostra-600x450.jpg 600w, https:\/\/asalaranjeiras.org.br\/site\/wp-content\/uploads\/2019\/11\/mostra.jpg 1280w\" sizes=\"auto, (max-width: 1024px) 100vw, 1024px\" \/><\/figure><\/li><\/ul>\n","protected":false},"excerpt":{"rendered":"<p>aconteceu na noite de 15 de novembro, no Cinema da Pra\u00e7a. Foram seis realizadores premiados eleitos pelo Juri Popular e pelo Juri da Mostra. O curta produzido pelos alunos do Projeto Jovem Comunicador no ano de 2018 , A Vida \u00e9 um Sonho foi premiado pelo J\u00fari da Mostra na categoria Estudantil. Os alunos estar\u00e3o [&hellip;]<\/p>\n","protected":false},"author":2,"featured_media":0,"comment_status":"closed","ping_status":"open","sticky":false,"template":"","format":"standard","meta":{"_uag_custom_page_level_css":"","ghostkit_customizer_options":"","ghostkit_custom_css":"","ghostkit_custom_js_head":"","ghostkit_custom_js_foot":"","ghostkit_typography":"","footnotes":""},"categories":[60,52],"tags":[],"class_list":["post-1783","post","type-post","status-publish","format-standard","hentry","category-informatica-educativa","category-programa-pedagogico-social"],"uagb_featured_image_src":{"full":false,"thumbnail":false,"medium":false,"medium_large":false,"large":false,"1536x1536":false,"2048x2048":false,"awb_sm":false,"awb_md":false,"awb_lg":false,"awb_xl":false,"smr-thumb":false,"smr-thumb-full":false},"uagb_author_info":{"display_name":"Associa\u00e7\u00e3o Cairu\u00e7u","author_link":"https:\/\/asalaranjeiras.org.br\/site\/author\/cairucu\/"},"uagb_comment_info":0,"uagb_excerpt":"aconteceu na noite de 15 de novembro, no Cinema da Pra\u00e7a. Foram seis realizadores premiados eleitos pelo Juri Popular e pelo Juri da Mostra. O curta produzido pelos alunos do Projeto Jovem Comunicador no ano de 2018 , A Vida \u00e9 um Sonho foi premiado pelo J\u00fari da Mostra na categoria Estudantil. Os alunos estar\u00e3o&hellip;","_links":{"self":[{"href":"https:\/\/asalaranjeiras.org.br\/site\/wp-json\/wp\/v2\/posts\/1783","targetHints":{"allow":["GET"]}}],"collection":[{"href":"https:\/\/asalaranjeiras.org.br\/site\/wp-json\/wp\/v2\/posts"}],"about":[{"href":"https:\/\/asalaranjeiras.org.br\/site\/wp-json\/wp\/v2\/types\/post"}],"author":[{"embeddable":true,"href":"https:\/\/asalaranjeiras.org.br\/site\/wp-json\/wp\/v2\/users\/2"}],"replies":[{"embeddable":true,"href":"https:\/\/asalaranjeiras.org.br\/site\/wp-json\/wp\/v2\/comments?post=1783"}],"version-history":[{"count":1,"href":"https:\/\/asalaranjeiras.org.br\/site\/wp-json\/wp\/v2\/posts\/1783\/revisions"}],"predecessor-version":[{"id":1786,"href":"https:\/\/asalaranjeiras.org.br\/site\/wp-json\/wp\/v2\/posts\/1783\/revisions\/1786"}],"wp:attachment":[{"href":"https:\/\/asalaranjeiras.org.br\/site\/wp-json\/wp\/v2\/media?parent=1783"}],"wp:term":[{"taxonomy":"category","embeddable":true,"href":"https:\/\/asalaranjeiras.org.br\/site\/wp-json\/wp\/v2\/categories?post=1783"},{"taxonomy":"post_tag","embeddable":true,"href":"https:\/\/asalaranjeiras.org.br\/site\/wp-json\/wp\/v2\/tags?post=1783"}],"curies":[{"name":"wp","href":"https:\/\/api.w.org\/{rel}","templated":true}]}}