{"id":35357,"date":"2020-09-24T18:30:01","date_gmt":"2020-09-24T18:30:01","guid":{"rendered":"https:\/\/asalaranjeiras.org.br\/site\/?p=35357"},"modified":"2022-03-16T14:19:58","modified_gmt":"2022-03-16T14:19:58","slug":"revista-aves-2018","status":"publish","type":"post","link":"https:\/\/asalaranjeiras.org.br\/site\/revista-aves-2018\/","title":{"rendered":"Revista Aves 2018"},"content":{"rendered":"\n<hr class=\"wp-block-separator\"\/>\n\n\n\n<p> Edi\u00e7\u00e3o da Revista Aves 2018<\/p>\n\n\n<div class=\"_df_book df-lite\" id=\"df_35301\"  _slug=\"aves-2018\" data-title=\"aves-2018\" wpoptions=\"true\" thumbtype=\"\" ><\/div><script class=\"df-shortcode-script\" nowprocket type=\"application\/javascript\">window.option_df_35301 = {\"outline\":[],\"autoEnableOutline\":\"false\",\"autoEnableThumbnail\":\"false\",\"overwritePDFOutline\":\"false\",\"direction\":\"1\",\"pageSize\":\"0\",\"source\":\"https:\\\/\\\/asalaranjeiras.org.br\\\/site\\\/wp-content\\\/uploads\\\/2020\\\/09\\\/Revista-AME2018.pdf\",\"wpOptions\":\"true\"}; if(window.DFLIP && window.DFLIP.parseBooks){window.DFLIP.parseBooks();}<\/script>\n\n\n\n<div class=\"wp-block-button alignright is-style-outline is-style-outline--1\"><a class=\"wp-block-button__link\" href=\"https:\/\/asalaranjeiras.org.br\/site\/revista-aves-da-minha-escola\/\">Voltar<\/a><\/div>\n","protected":false},"excerpt":{"rendered":"<p>Edi\u00e7\u00e3o da Revista Aves 2018<\/p>\n","protected":false},"author":2,"featured_media":35362,"comment_status":"closed","ping_status":"open","sticky":false,"template":"","format":"standard","meta":{"_uag_custom_page_level_css":"","ghostkit_customizer_options":"","ghostkit_custom_css":"","ghostkit_custom_js_head":"","ghostkit_custom_js_foot":"","ghostkit_typography":"","footnotes":""},"categories":[43],"tags":[],"class_list":["post-35357","post","type-post","status-publish","format-standard","has-post-thumbnail","hentry","category-revista-aves"],"uagb_featured_image_src":{"full":["https:\/\/asalaranjeiras.org.br\/site\/wp-content\/uploads\/2020\/09\/WhatsApp-Image-2020-09-24-at-12.46.43.jpeg",457,612,false],"thumbnail":["https:\/\/asalaranjeiras.org.br\/site\/wp-content\/uploads\/2020\/09\/WhatsApp-Image-2020-09-24-at-12.46.43-112x150.jpeg",112,150,true],"medium":["https:\/\/asalaranjeiras.org.br\/site\/wp-content\/uploads\/2020\/09\/WhatsApp-Image-2020-09-24-at-12.46.43-224x300.jpeg",224,300,true],"medium_large":["https:\/\/asalaranjeiras.org.br\/site\/wp-content\/uploads\/2020\/09\/WhatsApp-Image-2020-09-24-at-12.46.43.jpeg",457,612,false],"large":["https:\/\/asalaranjeiras.org.br\/site\/wp-content\/uploads\/2020\/09\/WhatsApp-Image-2020-09-24-at-12.46.43.jpeg",457,612,false],"1536x1536":["https:\/\/asalaranjeiras.org.br\/site\/wp-content\/uploads\/2020\/09\/WhatsApp-Image-2020-09-24-at-12.46.43.jpeg",457,612,false],"2048x2048":["https:\/\/asalaranjeiras.org.br\/site\/wp-content\/uploads\/2020\/09\/WhatsApp-Image-2020-09-24-at-12.46.43.jpeg",457,612,false],"awb_sm":["https:\/\/asalaranjeiras.org.br\/site\/wp-content\/uploads\/2020\/09\/WhatsApp-Image-2020-09-24-at-12.46.43.jpeg",457,612,false],"awb_md":["https:\/\/asalaranjeiras.org.br\/site\/wp-content\/uploads\/2020\/09\/WhatsApp-Image-2020-09-24-at-12.46.43.jpeg",457,612,false],"awb_lg":["https:\/\/asalaranjeiras.org.br\/site\/wp-content\/uploads\/2020\/09\/WhatsApp-Image-2020-09-24-at-12.46.43.jpeg",457,612,false],"awb_xl":["https:\/\/asalaranjeiras.org.br\/site\/wp-content\/uploads\/2020\/09\/WhatsApp-Image-2020-09-24-at-12.46.43.jpeg",457,612,false],"smr-thumb":["https:\/\/asalaranjeiras.org.br\/site\/wp-content\/uploads\/2020\/09\/WhatsApp-Image-2020-09-24-at-12.46.43-457x452.jpeg",457,452,true],"smr-thumb-full":["https:\/\/asalaranjeiras.org.br\/site\/wp-content\/uploads\/2020\/09\/WhatsApp-Image-2020-09-24-at-12.46.43.jpeg",457,612,false]},"uagb_author_info":{"display_name":"Associa\u00e7\u00e3o Cairu\u00e7u","author_link":"https:\/\/asalaranjeiras.org.br\/site\/author\/cairucu\/"},"uagb_comment_info":0,"uagb_excerpt":"Edi\u00e7\u00e3o da Revista Aves 2018","_links":{"self":[{"href":"https:\/\/asalaranjeiras.org.br\/site\/wp-json\/wp\/v2\/posts\/35357","targetHints":{"allow":["GET"]}}],"collection":[{"href":"https:\/\/asalaranjeiras.org.br\/site\/wp-json\/wp\/v2\/posts"}],"about":[{"href":"https:\/\/asalaranjeiras.org.br\/site\/wp-json\/wp\/v2\/types\/post"}],"author":[{"embeddable":true,"href":"https:\/\/asalaranjeiras.org.br\/site\/wp-json\/wp\/v2\/users\/2"}],"replies":[{"embeddable":true,"href":"https:\/\/asalaranjeiras.org.br\/site\/wp-json\/wp\/v2\/comments?post=35357"}],"version-history":[{"count":2,"href":"https:\/\/asalaranjeiras.org.br\/site\/wp-json\/wp\/v2\/posts\/35357\/revisions"}],"predecessor-version":[{"id":48219,"href":"https:\/\/asalaranjeiras.org.br\/site\/wp-json\/wp\/v2\/posts\/35357\/revisions\/48219"}],"wp:featuredmedia":[{"embeddable":true,"href":"https:\/\/asalaranjeiras.org.br\/site\/wp-json\/wp\/v2\/media\/35362"}],"wp:attachment":[{"href":"https:\/\/asalaranjeiras.org.br\/site\/wp-json\/wp\/v2\/media?parent=35357"}],"wp:term":[{"taxonomy":"category","embeddable":true,"href":"https:\/\/asalaranjeiras.org.br\/site\/wp-json\/wp\/v2\/categories?post=35357"},{"taxonomy":"post_tag","embeddable":true,"href":"https:\/\/asalaranjeiras.org.br\/site\/wp-json\/wp\/v2\/tags?post=35357"}],"curies":[{"name":"wp","href":"https:\/\/api.w.org\/{rel}","templated":true}]}}