{"id":45661,"date":"2020-12-08T21:50:18","date_gmt":"2020-12-08T21:50:18","guid":{"rendered":"https:\/\/asalaranjeiras.org.br\/site\/?p=45661"},"modified":"2023-08-21T11:44:02","modified_gmt":"2023-08-21T11:44:02","slug":"associacao-cairucu-no-ii-simposio-internacional-e-v-de-tecnologias-digitais-na-educacao","status":"publish","type":"post","link":"https:\/\/asalaranjeiras.org.br\/site\/associacao-cairucu-no-ii-simposio-internacional-e-v-de-tecnologias-digitais-na-educacao\/","title":{"rendered":"ASSOCIA\u00c7\u00c3O CAIRU\u00c7U NO II SIMP\u00d3SIO INTERNACIONAL E V DE TECNOLOGIAS DIGITAIS NA EDUCA\u00c7\u00c3O"},"content":{"rendered":"\n<p class=\"has-medium-font-size\">Educadores apresentaram artigos durante o evento promovido pela Universidade Federal do Maranh\u00e3o<\/p>\n\n\n\n<p>Apesar de muito desafiador, o ano de 2020 trouxe grandes conquistas para a equipe da Associa\u00e7\u00e3o Cairu\u00e7u, como a apresenta\u00e7\u00e3o de dois artigos por nossos educadores no II Simp\u00f3sio Internacional e V de Tecnologias Digitais na Educa\u00e7\u00e3o. Evento promovido atrav\u00e9s da internet pela Universidade Federal do Maranh\u00e3o (UFMA), em S\u00e3o Lu\u00eds, entre os dias 20 e 29 de outubro.<\/p>\n\n\n\n<p>A educadora Lissandra Brotto, do Projeto Letramento, escreveu sobre sua experi\u00eancia pessoal no paper intitulado \u201cDo analfabetismo digital \u00e0 literatura virtual\u201d. J\u00e1 os educadores Andr\u00e9 P\u00e1dua e Vit\u00f3ria Rizzo, do Programa Tecnologia e Inova\u00e7\u00e3o &#8211; PTI, apresentaram a \u201cEduca\u00e7\u00e3o em di\u00e1logo com as m\u00eddias digitais: aplicativo Sacola Liter\u00e1ria\u201d, fruto do trabalho conjunto entre a dupla, com as coordenadoras Gilmara Rocha e Andreia do Almo e os educadores do Programa Arte e Educa\u00e7\u00e3o. Esse artigo recebeu a men\u00e7\u00e3o honrosa do comit\u00ea organizador, ficando em 2\u00ba lugar na categoria p\u00f4ster.<\/p>\n\n\n\n<p>Al\u00e9m de relatar sua experi\u00eancia real, o artigo da nossa educadora youtuber Lissandra tem como objetivo estimular professores a tornarem-se atuantes no universo online, oferecendo informa\u00e7\u00e3o de qualidade para crian\u00e7as, jovens e adultos. \u201c\u00c9 um tanto assustador caminhar no mundo online, \u00e9 como caminhar num labirinto. Por mais absurdo que pare\u00e7a, para quem est\u00e1 dando seus primeiros passos no mundo virtual, este universo n\u00e3o parece t\u00e3o l\u00f3gico ou objetivo, e ainda por cima, possui uma linguagem pr\u00f3pria\u201d, comentou Lis Brotto.<\/p>\n\n\n\n<p>Ela enfrentou as dificuldades e preparou seus primeiros v\u00eddeos para o Projeto Letramento, orientada pela coordenadora Andreia do Almo, como uma estrat\u00e9gia de manter contato com as crian\u00e7as e estimul\u00e1-las a conhecer um pouco mais da literatura infantil e hoje produz v\u00eddeos para o seu Canal no YouTube, o LIS BROTTO. \u201cPoder contar com o apoio da equipe e uma forma\u00e7\u00e3o realizada com a coordenadora Gilmara Rocha foi fundamental para o meu desenvolvimento e entendimento da \u00e1rea digital. Assim, superei v\u00e1rios obst\u00e1culos para hoje poder atuar no mundo virtual e realizar um sonho que h\u00e1 anos eu tinha, mas que me parecia imposs\u00edvel, que foi lan\u00e7ar um canal no YouTube.\u201d, relatou Lissandra.<\/p>\n\n\n\n<p>A participa\u00e7\u00e3o no Simp\u00f3sio tamb\u00e9m foi uma experi\u00eancia enriquecedora para a educadora e pedagoga Vit\u00f3ria, como conta a seguir: \u201cO projeto de elabora\u00e7\u00e3o da Sacola Liter\u00e1ria Virtual, a elabora\u00e7\u00e3o do artigo e a participa\u00e7\u00e3o nesse evento transformaram nossos olhares e expandiram repert\u00f3rios, ampliando os horizontes para algo novo. Mostrou que a tecnologia traz diversas ferramentas que podem ser usadas de m\u00faltiplas formas nas atividades educativas, especialmente em um mundo p\u00f3s-pandemia, onde novas formas de aprendizagem, de contato com o mundo do conhecimento, incluindo o liter\u00e1rio, ser\u00e3o fundamentais.\u201d<\/p>\n\n\n\n<p>Em 2020 as equipes dos Programas Arte e Educa\u00e7\u00e3o e Tecnologia e Inova\u00e7\u00e3o deram grandes passos em dire\u00e7\u00e3o ao futuro e \u00e0s novas ferramentas de educa\u00e7\u00e3o, tudo para oferecer o melhor aprendizado e as melhores experi\u00eancias para nossas crian\u00e7as e jovens. \u00c9 certo que essas novidades n\u00e3o param por a\u00ed e estamos entusiasmados para aprender mais!<\/p>\n\n\n\n<p>Para saber mais sobre o artigo e o canal da Lis Brotto, acesse o link: <a href=\"https:\/\/www.youtube.com\/watch?v=CP5Qma7095I\">https:\/\/www.youtube.com\/watch?v=CP5Qma7095I<\/a><\/p>\n\n\n\n<p>Sacola Liter\u00e1ria:<a href=\" https:\/\/asalaranjeiras.org.br\/site\/sacola-literaria\/\"> https:\/\/asalaranjeiras.org.br\/site\/sacola-literaria\/<\/a><\/p>\n\n\n\n<figure class=\"wp-block-gallery columns-3 wp-block-gallery-1 is-layout-flex wp-block-gallery-is-layout-flex\"><ul class=\"blocks-gallery-grid\"><li class=\"blocks-gallery-item\"><figure><img loading=\"lazy\" decoding=\"async\" width=\"1024\" height=\"768\" src=\"https:\/\/asalaranjeiras.org.br\/site\/wp-content\/uploads\/2020\/12\/WhatsApp-Image-2020-12-08-at-16.52.20-1024x768.jpeg\" alt=\"\" data-id=\"45666\" data-full-url=\"https:\/\/asalaranjeiras.org.br\/site\/wp-content\/uploads\/2020\/12\/WhatsApp-Image-2020-12-08-at-16.52.20.jpeg\" data-link=\"https:\/\/asalaranjeiras.org.br\/site\/?attachment_id=45666\" class=\"wp-image-45666\" srcset=\"https:\/\/asalaranjeiras.org.br\/site\/wp-content\/uploads\/2020\/12\/WhatsApp-Image-2020-12-08-at-16.52.20-1024x768.jpeg 1024w, https:\/\/asalaranjeiras.org.br\/site\/wp-content\/uploads\/2020\/12\/WhatsApp-Image-2020-12-08-at-16.52.20-300x225.jpeg 300w, https:\/\/asalaranjeiras.org.br\/site\/wp-content\/uploads\/2020\/12\/WhatsApp-Image-2020-12-08-at-16.52.20-150x113.jpeg 150w, https:\/\/asalaranjeiras.org.br\/site\/wp-content\/uploads\/2020\/12\/WhatsApp-Image-2020-12-08-at-16.52.20-768x576.jpeg 768w, https:\/\/asalaranjeiras.org.br\/site\/wp-content\/uploads\/2020\/12\/WhatsApp-Image-2020-12-08-at-16.52.20-600x450.jpeg 600w, https:\/\/asalaranjeiras.org.br\/site\/wp-content\/uploads\/2020\/12\/WhatsApp-Image-2020-12-08-at-16.52.20.jpeg 1280w\" sizes=\"auto, (max-width: 1024px) 100vw, 1024px\" \/><\/figure><\/li><li class=\"blocks-gallery-item\"><figure><img loading=\"lazy\" decoding=\"async\" width=\"466\" height=\"582\" src=\"https:\/\/asalaranjeiras.org.br\/site\/wp-content\/uploads\/2020\/12\/WhatsApp-Image-2020-12-08-at-16.51.59.jpeg\" alt=\"\" data-id=\"45665\" data-full-url=\"https:\/\/asalaranjeiras.org.br\/site\/wp-content\/uploads\/2020\/12\/WhatsApp-Image-2020-12-08-at-16.51.59.jpeg\" data-link=\"https:\/\/asalaranjeiras.org.br\/site\/?attachment_id=45665\" class=\"wp-image-45665\" srcset=\"https:\/\/asalaranjeiras.org.br\/site\/wp-content\/uploads\/2020\/12\/WhatsApp-Image-2020-12-08-at-16.51.59.jpeg 466w, https:\/\/asalaranjeiras.org.br\/site\/wp-content\/uploads\/2020\/12\/WhatsApp-Image-2020-12-08-at-16.51.59-240x300.jpeg 240w, https:\/\/asalaranjeiras.org.br\/site\/wp-content\/uploads\/2020\/12\/WhatsApp-Image-2020-12-08-at-16.51.59-120x150.jpeg 120w\" sizes=\"auto, (max-width: 466px) 100vw, 466px\" \/><\/figure><\/li><li class=\"blocks-gallery-item\"><figure><img loading=\"lazy\" decoding=\"async\" width=\"720\" height=\"525\" src=\"https:\/\/asalaranjeiras.org.br\/site\/wp-content\/uploads\/2020\/12\/WhatsApp-Image-2020-12-08-at-16.54.10-1.jpeg\" alt=\"\" data-id=\"45667\" data-full-url=\"https:\/\/asalaranjeiras.org.br\/site\/wp-content\/uploads\/2020\/12\/WhatsApp-Image-2020-12-08-at-16.54.10-1.jpeg\" data-link=\"https:\/\/asalaranjeiras.org.br\/site\/?attachment_id=45667\" class=\"wp-image-45667\" srcset=\"https:\/\/asalaranjeiras.org.br\/site\/wp-content\/uploads\/2020\/12\/WhatsApp-Image-2020-12-08-at-16.54.10-1.jpeg 720w, https:\/\/asalaranjeiras.org.br\/site\/wp-content\/uploads\/2020\/12\/WhatsApp-Image-2020-12-08-at-16.54.10-1-300x219.jpeg 300w, https:\/\/asalaranjeiras.org.br\/site\/wp-content\/uploads\/2020\/12\/WhatsApp-Image-2020-12-08-at-16.54.10-1-150x109.jpeg 150w, https:\/\/asalaranjeiras.org.br\/site\/wp-content\/uploads\/2020\/12\/WhatsApp-Image-2020-12-08-at-16.54.10-1-600x438.jpeg 600w\" sizes=\"auto, (max-width: 720px) 100vw, 720px\" \/><\/figure><\/li><\/ul><\/figure>\n","protected":false},"excerpt":{"rendered":"<p>Educadores apresentaram artigos durante o evento promovido pela Universidade Federal do Maranh\u00e3o Apesar de muito desafiador, o ano de 2020 trouxe grandes conquistas para a equipe da Associa\u00e7\u00e3o Cairu\u00e7u, como a apresenta\u00e7\u00e3o de dois artigos por nossos educadores no II Simp\u00f3sio Internacional e V de Tecnologias Digitais na Educa\u00e7\u00e3o. Evento promovido atrav\u00e9s da internet pela [&hellip;]<\/p>\n","protected":false},"author":2,"featured_media":47311,"comment_status":"closed","ping_status":"open","sticky":false,"template":"","format":"standard","meta":{"_uag_custom_page_level_css":"","ghostkit_customizer_options":"","ghostkit_custom_css":"","ghostkit_custom_js_head":"","ghostkit_custom_js_foot":"","ghostkit_typography":"","footnotes":""},"categories":[52],"tags":[],"class_list":["post-45661","post","type-post","status-publish","format-standard","has-post-thumbnail","hentry","category-programa-pedagogico-social"],"uagb_featured_image_src":{"full":["https:\/\/asalaranjeiras.org.br\/site\/wp-content\/uploads\/2020\/12\/WhatsApp-Image-2020-12-08-at-16.52.20-1024x768-1.jpeg",1024,768,false],"thumbnail":["https:\/\/asalaranjeiras.org.br\/site\/wp-content\/uploads\/2020\/12\/WhatsApp-Image-2020-12-08-at-16.52.20-1024x768-1-150x113.jpeg",150,113,true],"medium":["https:\/\/asalaranjeiras.org.br\/site\/wp-content\/uploads\/2020\/12\/WhatsApp-Image-2020-12-08-at-16.52.20-1024x768-1-300x225.jpeg",300,225,true],"medium_large":["https:\/\/asalaranjeiras.org.br\/site\/wp-content\/uploads\/2020\/12\/WhatsApp-Image-2020-12-08-at-16.52.20-1024x768-1-768x576.jpeg",768,576,true],"large":["https:\/\/asalaranjeiras.org.br\/site\/wp-content\/uploads\/2020\/12\/WhatsApp-Image-2020-12-08-at-16.52.20-1024x768-1.jpeg",1024,768,false],"1536x1536":["https:\/\/asalaranjeiras.org.br\/site\/wp-content\/uploads\/2020\/12\/WhatsApp-Image-2020-12-08-at-16.52.20-1024x768-1.jpeg",1024,768,false],"2048x2048":["https:\/\/asalaranjeiras.org.br\/site\/wp-content\/uploads\/2020\/12\/WhatsApp-Image-2020-12-08-at-16.52.20-1024x768-1.jpeg",1024,768,false],"awb_sm":["https:\/\/asalaranjeiras.org.br\/site\/wp-content\/uploads\/2020\/12\/WhatsApp-Image-2020-12-08-at-16.52.20-1024x768-1-500x375.jpeg",500,375,true],"awb_md":["https:\/\/asalaranjeiras.org.br\/site\/wp-content\/uploads\/2020\/12\/WhatsApp-Image-2020-12-08-at-16.52.20-1024x768-1-800x600.jpeg",800,600,true],"awb_lg":["https:\/\/asalaranjeiras.org.br\/site\/wp-content\/uploads\/2020\/12\/WhatsApp-Image-2020-12-08-at-16.52.20-1024x768-1.jpeg",1024,768,false],"awb_xl":["https:\/\/asalaranjeiras.org.br\/site\/wp-content\/uploads\/2020\/12\/WhatsApp-Image-2020-12-08-at-16.52.20-1024x768-1.jpeg",1024,768,false],"smr-thumb":["https:\/\/asalaranjeiras.org.br\/site\/wp-content\/uploads\/2020\/12\/WhatsApp-Image-2020-12-08-at-16.52.20-1024x768-1-805x452.jpeg",805,452,true],"smr-thumb-full":["https:\/\/asalaranjeiras.org.br\/site\/wp-content\/uploads\/2020\/12\/WhatsApp-Image-2020-12-08-at-16.52.20-1024x768-1-1024x613.jpeg",1024,613,true]},"uagb_author_info":{"display_name":"Associa\u00e7\u00e3o Cairu\u00e7u","author_link":"https:\/\/asalaranjeiras.org.br\/site\/author\/cairucu\/"},"uagb_comment_info":0,"uagb_excerpt":"Educadores apresentaram artigos durante o evento promovido pela Universidade Federal do Maranh\u00e3o Apesar de muito desafiador, o ano de 2020 trouxe grandes conquistas para a equipe da Associa\u00e7\u00e3o Cairu\u00e7u, como a apresenta\u00e7\u00e3o de dois artigos por nossos educadores no II Simp\u00f3sio Internacional e V de Tecnologias Digitais na Educa\u00e7\u00e3o. Evento promovido atrav\u00e9s da internet pela&hellip;","_links":{"self":[{"href":"https:\/\/asalaranjeiras.org.br\/site\/wp-json\/wp\/v2\/posts\/45661","targetHints":{"allow":["GET"]}}],"collection":[{"href":"https:\/\/asalaranjeiras.org.br\/site\/wp-json\/wp\/v2\/posts"}],"about":[{"href":"https:\/\/asalaranjeiras.org.br\/site\/wp-json\/wp\/v2\/types\/post"}],"author":[{"embeddable":true,"href":"https:\/\/asalaranjeiras.org.br\/site\/wp-json\/wp\/v2\/users\/2"}],"replies":[{"embeddable":true,"href":"https:\/\/asalaranjeiras.org.br\/site\/wp-json\/wp\/v2\/comments?post=45661"}],"version-history":[{"count":1,"href":"https:\/\/asalaranjeiras.org.br\/site\/wp-json\/wp\/v2\/posts\/45661\/revisions"}],"predecessor-version":[{"id":45669,"href":"https:\/\/asalaranjeiras.org.br\/site\/wp-json\/wp\/v2\/posts\/45661\/revisions\/45669"}],"wp:featuredmedia":[{"embeddable":true,"href":"https:\/\/asalaranjeiras.org.br\/site\/wp-json\/wp\/v2\/media\/47311"}],"wp:attachment":[{"href":"https:\/\/asalaranjeiras.org.br\/site\/wp-json\/wp\/v2\/media?parent=45661"}],"wp:term":[{"taxonomy":"category","embeddable":true,"href":"https:\/\/asalaranjeiras.org.br\/site\/wp-json\/wp\/v2\/categories?post=45661"},{"taxonomy":"post_tag","embeddable":true,"href":"https:\/\/asalaranjeiras.org.br\/site\/wp-json\/wp\/v2\/tags?post=45661"}],"curies":[{"name":"wp","href":"https:\/\/api.w.org\/{rel}","templated":true}]}}