{"id":47114,"date":"2021-03-12T12:27:09","date_gmt":"2021-03-12T12:27:09","guid":{"rendered":"https:\/\/asalaranjeiras.org.br\/site\/?p=47114"},"modified":"2023-08-21T13:16:55","modified_gmt":"2023-08-21T13:16:55","slug":"projeto-tecnologia-educacional","status":"publish","type":"post","link":"https:\/\/asalaranjeiras.org.br\/site\/projeto-tecnologia-educacional\/","title":{"rendered":"PROJETO TECNOLOGIA EDUCACIONAL"},"content":{"rendered":"\n<p>&#x1f468;&#x200d;&#x1f4bb;Para capacitar os professores da rede de ensino municipal na retomada das aulas em modelo h\u00edbrido, fechamos uma importante parceria com a Secretaria de Educa\u00e7\u00e3o &#8211; Paraty. O projeto &#8220;Tecnologia Educacional\u201d j\u00e1 est\u00e1 em execu\u00e7\u00e3o nas escolas proporcionando o aprendizado de novas ferramentas tecnol\u00f3gicas e o dom\u00ednio de plataformas digitais para professores e coordenadores.<br>Os aprendizados vividos no \u00faltimo ano letivo tornaram evidente a necessidade de reestruturar os antigos formatos educativos. Nossa proposta ent\u00e3o \u00e9 promover um ensino mais eficaz e inovador, capaz de oferecer motiva\u00e7\u00e3o e autonomia para os estudantes, com os recursos tecnol\u00f3gicos dispon\u00edveis.<br>Acreditamos que o equil\u00edbrio entre o presencial e o online \u00e9 um ponto chave para o desenvolvimento de habilidades socioemocionais de crian\u00e7as e jovens, e nossa experi\u00eancia com o Programa Tecnologia e Inova\u00e7\u00e3o, realizado nos Centros de Educa\u00e7\u00e3o Integral Cairu\u00e7u, gerou as compet\u00eancias necess\u00e1rias para que possamos contribuir neste momento de requalifica\u00e7\u00e3o da educa\u00e7\u00e3o no munic\u00edpio.<br>&#x1f469;&#x200d;&#x1f3eb; O projeto Tecnologia Educacional percorrer\u00e1 as 34 escolas da cidade, ofertando aos educadores a possibilidade de ampliar o seu repert\u00f3rio tecnol\u00f3gico e criar novas metodologias de trabalho para o ensino remoto: mais flex\u00edveis, personalizadas, humanizadas e colaborativas.<br>Cada escola receber\u00e1 quatro oficinas: duas voltadas para os professores, com 4 horas de dura\u00e7\u00e3o, e as outras duas para o n\u00facleo pedag\u00f3gico, com 2 horas de dura\u00e7\u00e3o.<br>J\u00e1 passaram por essa capacita\u00e7\u00e3o as escolas Samuel Costa, Pequenina Calixto, Campinho, Ponta Negra, Martim de S\u00e1, localizada na Praia do Sono, e a Creche Dercyneide, no Parque da Mangueira. Totalizando o n\u00famero de 50 professores atendidos.<br>&#x26a0;&#xfe0f; O projeto come\u00e7ou presencialmente, sob r\u00edgidos padr\u00f5es de controle contra a Covid, por\u00e9m com o aumento do n\u00famero de casos da doen\u00e7a no pa\u00eds, as oficinas migraram exclusivamente para o ambiente virtual.<br>#TecnologiaEducacional<br>#EducacaoDiferenciada<br>#TecnologiaNasEscolas<br>#SMEParaty<br>#AssociacaoCairucu<br>#EducacaoIntegral<br>#ParatyPatrimonioMundial<\/p>\n\n\n\n<figure class=\"wp-block-gallery columns-3 is-cropped wp-block-gallery-1 is-layout-flex wp-block-gallery-is-layout-flex\"><ul class=\"blocks-gallery-grid\"><li class=\"blocks-gallery-item\"><figure><img loading=\"lazy\" decoding=\"async\" width=\"682\" height=\"1024\" src=\"https:\/\/asalaranjeiras.org.br\/site\/wp-content\/uploads\/2021\/03\/WhatsApp-Image-2021-03-12-at-08.53.48.jpeg\" alt=\"\" data-id=\"47120\" data-full-url=\"https:\/\/asalaranjeiras.org.br\/site\/wp-content\/uploads\/2021\/03\/WhatsApp-Image-2021-03-12-at-08.53.48.jpeg\" data-link=\"https:\/\/asalaranjeiras.org.br\/site\/?attachment_id=47120\" class=\"wp-image-47120\" srcset=\"https:\/\/asalaranjeiras.org.br\/site\/wp-content\/uploads\/2021\/03\/WhatsApp-Image-2021-03-12-at-08.53.48.jpeg 682w, https:\/\/asalaranjeiras.org.br\/site\/wp-content\/uploads\/2021\/03\/WhatsApp-Image-2021-03-12-at-08.53.48-200x300.jpeg 200w, https:\/\/asalaranjeiras.org.br\/site\/wp-content\/uploads\/2021\/03\/WhatsApp-Image-2021-03-12-at-08.53.48-100x150.jpeg 100w, https:\/\/asalaranjeiras.org.br\/site\/wp-content\/uploads\/2021\/03\/WhatsApp-Image-2021-03-12-at-08.53.48-500x751.jpeg 500w, https:\/\/asalaranjeiras.org.br\/site\/wp-content\/uploads\/2021\/03\/WhatsApp-Image-2021-03-12-at-08.53.48-600x901.jpeg 600w\" sizes=\"auto, (max-width: 682px) 100vw, 682px\" \/><\/figure><\/li><li class=\"blocks-gallery-item\"><figure><img loading=\"lazy\" decoding=\"async\" width=\"1024\" height=\"682\" src=\"https:\/\/asalaranjeiras.org.br\/site\/wp-content\/uploads\/2021\/03\/WhatsApp-Image-2021-03-12-at-08.53.49-2.jpeg\" alt=\"\" data-id=\"47121\" data-full-url=\"https:\/\/asalaranjeiras.org.br\/site\/wp-content\/uploads\/2021\/03\/WhatsApp-Image-2021-03-12-at-08.53.49-2.jpeg\" data-link=\"https:\/\/asalaranjeiras.org.br\/site\/?attachment_id=47121\" class=\"wp-image-47121\" srcset=\"https:\/\/asalaranjeiras.org.br\/site\/wp-content\/uploads\/2021\/03\/WhatsApp-Image-2021-03-12-at-08.53.49-2.jpeg 1024w, https:\/\/asalaranjeiras.org.br\/site\/wp-content\/uploads\/2021\/03\/WhatsApp-Image-2021-03-12-at-08.53.49-2-300x200.jpeg 300w, https:\/\/asalaranjeiras.org.br\/site\/wp-content\/uploads\/2021\/03\/WhatsApp-Image-2021-03-12-at-08.53.49-2-150x100.jpeg 150w, https:\/\/asalaranjeiras.org.br\/site\/wp-content\/uploads\/2021\/03\/WhatsApp-Image-2021-03-12-at-08.53.49-2-768x512.jpeg 768w, https:\/\/asalaranjeiras.org.br\/site\/wp-content\/uploads\/2021\/03\/WhatsApp-Image-2021-03-12-at-08.53.49-2-500x333.jpeg 500w, https:\/\/asalaranjeiras.org.br\/site\/wp-content\/uploads\/2021\/03\/WhatsApp-Image-2021-03-12-at-08.53.49-2-800x533.jpeg 800w, https:\/\/asalaranjeiras.org.br\/site\/wp-content\/uploads\/2021\/03\/WhatsApp-Image-2021-03-12-at-08.53.49-2-600x400.jpeg 600w\" sizes=\"auto, (max-width: 1024px) 100vw, 1024px\" \/><\/figure><\/li><li class=\"blocks-gallery-item\"><figure><img loading=\"lazy\" decoding=\"async\" width=\"1024\" height=\"682\" src=\"https:\/\/asalaranjeiras.org.br\/site\/wp-content\/uploads\/2021\/03\/WhatsApp-Image-2021-03-12-at-08.53.49-3.jpeg\" alt=\"\" data-id=\"47122\" data-full-url=\"https:\/\/asalaranjeiras.org.br\/site\/wp-content\/uploads\/2021\/03\/WhatsApp-Image-2021-03-12-at-08.53.49-3.jpeg\" data-link=\"https:\/\/asalaranjeiras.org.br\/site\/?attachment_id=47122\" class=\"wp-image-47122\" srcset=\"https:\/\/asalaranjeiras.org.br\/site\/wp-content\/uploads\/2021\/03\/WhatsApp-Image-2021-03-12-at-08.53.49-3.jpeg 1024w, https:\/\/asalaranjeiras.org.br\/site\/wp-content\/uploads\/2021\/03\/WhatsApp-Image-2021-03-12-at-08.53.49-3-300x200.jpeg 300w, https:\/\/asalaranjeiras.org.br\/site\/wp-content\/uploads\/2021\/03\/WhatsApp-Image-2021-03-12-at-08.53.49-3-150x100.jpeg 150w, https:\/\/asalaranjeiras.org.br\/site\/wp-content\/uploads\/2021\/03\/WhatsApp-Image-2021-03-12-at-08.53.49-3-768x512.jpeg 768w, https:\/\/asalaranjeiras.org.br\/site\/wp-content\/uploads\/2021\/03\/WhatsApp-Image-2021-03-12-at-08.53.49-3-500x333.jpeg 500w, https:\/\/asalaranjeiras.org.br\/site\/wp-content\/uploads\/2021\/03\/WhatsApp-Image-2021-03-12-at-08.53.49-3-800x533.jpeg 800w, https:\/\/asalaranjeiras.org.br\/site\/wp-content\/uploads\/2021\/03\/WhatsApp-Image-2021-03-12-at-08.53.49-3-600x400.jpeg 600w\" sizes=\"auto, (max-width: 1024px) 100vw, 1024px\" \/><\/figure><\/li><li class=\"blocks-gallery-item\"><figure><img loading=\"lazy\" decoding=\"async\" width=\"1024\" height=\"682\" src=\"https:\/\/asalaranjeiras.org.br\/site\/wp-content\/uploads\/2021\/03\/WhatsApp-Image-2021-03-12-at-08.53.49-4.jpeg\" alt=\"\" data-id=\"47123\" data-full-url=\"https:\/\/asalaranjeiras.org.br\/site\/wp-content\/uploads\/2021\/03\/WhatsApp-Image-2021-03-12-at-08.53.49-4.jpeg\" data-link=\"https:\/\/asalaranjeiras.org.br\/site\/?attachment_id=47123\" class=\"wp-image-47123\" srcset=\"https:\/\/asalaranjeiras.org.br\/site\/wp-content\/uploads\/2021\/03\/WhatsApp-Image-2021-03-12-at-08.53.49-4.jpeg 1024w, https:\/\/asalaranjeiras.org.br\/site\/wp-content\/uploads\/2021\/03\/WhatsApp-Image-2021-03-12-at-08.53.49-4-300x200.jpeg 300w, https:\/\/asalaranjeiras.org.br\/site\/wp-content\/uploads\/2021\/03\/WhatsApp-Image-2021-03-12-at-08.53.49-4-150x100.jpeg 150w, https:\/\/asalaranjeiras.org.br\/site\/wp-content\/uploads\/2021\/03\/WhatsApp-Image-2021-03-12-at-08.53.49-4-768x512.jpeg 768w, https:\/\/asalaranjeiras.org.br\/site\/wp-content\/uploads\/2021\/03\/WhatsApp-Image-2021-03-12-at-08.53.49-4-500x333.jpeg 500w, https:\/\/asalaranjeiras.org.br\/site\/wp-content\/uploads\/2021\/03\/WhatsApp-Image-2021-03-12-at-08.53.49-4-800x533.jpeg 800w, https:\/\/asalaranjeiras.org.br\/site\/wp-content\/uploads\/2021\/03\/WhatsApp-Image-2021-03-12-at-08.53.49-4-600x400.jpeg 600w\" sizes=\"auto, (max-width: 1024px) 100vw, 1024px\" \/><\/figure><\/li><li class=\"blocks-gallery-item\"><figure><img loading=\"lazy\" decoding=\"async\" width=\"1024\" height=\"682\" src=\"https:\/\/asalaranjeiras.org.br\/site\/wp-content\/uploads\/2021\/03\/WhatsApp-Image-2021-03-12-at-08.53.49-5.jpeg\" alt=\"\" data-id=\"47124\" data-full-url=\"https:\/\/asalaranjeiras.org.br\/site\/wp-content\/uploads\/2021\/03\/WhatsApp-Image-2021-03-12-at-08.53.49-5.jpeg\" data-link=\"https:\/\/asalaranjeiras.org.br\/site\/?attachment_id=47124\" class=\"wp-image-47124\" srcset=\"https:\/\/asalaranjeiras.org.br\/site\/wp-content\/uploads\/2021\/03\/WhatsApp-Image-2021-03-12-at-08.53.49-5.jpeg 1024w, https:\/\/asalaranjeiras.org.br\/site\/wp-content\/uploads\/2021\/03\/WhatsApp-Image-2021-03-12-at-08.53.49-5-300x200.jpeg 300w, https:\/\/asalaranjeiras.org.br\/site\/wp-content\/uploads\/2021\/03\/WhatsApp-Image-2021-03-12-at-08.53.49-5-150x100.jpeg 150w, https:\/\/asalaranjeiras.org.br\/site\/wp-content\/uploads\/2021\/03\/WhatsApp-Image-2021-03-12-at-08.53.49-5-768x512.jpeg 768w, https:\/\/asalaranjeiras.org.br\/site\/wp-content\/uploads\/2021\/03\/WhatsApp-Image-2021-03-12-at-08.53.49-5-500x333.jpeg 500w, https:\/\/asalaranjeiras.org.br\/site\/wp-content\/uploads\/2021\/03\/WhatsApp-Image-2021-03-12-at-08.53.49-5-800x533.jpeg 800w, https:\/\/asalaranjeiras.org.br\/site\/wp-content\/uploads\/2021\/03\/WhatsApp-Image-2021-03-12-at-08.53.49-5-600x400.jpeg 600w\" sizes=\"auto, (max-width: 1024px) 100vw, 1024px\" \/><\/figure><\/li><li class=\"blocks-gallery-item\"><figure><img loading=\"lazy\" decoding=\"async\" width=\"1024\" height=\"682\" src=\"https:\/\/asalaranjeiras.org.br\/site\/wp-content\/uploads\/2021\/03\/WhatsApp-Image-2021-03-12-at-08.53.49.jpeg\" alt=\"\" data-id=\"47125\" data-full-url=\"https:\/\/asalaranjeiras.org.br\/site\/wp-content\/uploads\/2021\/03\/WhatsApp-Image-2021-03-12-at-08.53.49.jpeg\" data-link=\"https:\/\/asalaranjeiras.org.br\/site\/?attachment_id=47125\" class=\"wp-image-47125\" srcset=\"https:\/\/asalaranjeiras.org.br\/site\/wp-content\/uploads\/2021\/03\/WhatsApp-Image-2021-03-12-at-08.53.49.jpeg 1024w, https:\/\/asalaranjeiras.org.br\/site\/wp-content\/uploads\/2021\/03\/WhatsApp-Image-2021-03-12-at-08.53.49-300x200.jpeg 300w, https:\/\/asalaranjeiras.org.br\/site\/wp-content\/uploads\/2021\/03\/WhatsApp-Image-2021-03-12-at-08.53.49-150x100.jpeg 150w, https:\/\/asalaranjeiras.org.br\/site\/wp-content\/uploads\/2021\/03\/WhatsApp-Image-2021-03-12-at-08.53.49-768x512.jpeg 768w, https:\/\/asalaranjeiras.org.br\/site\/wp-content\/uploads\/2021\/03\/WhatsApp-Image-2021-03-12-at-08.53.49-500x333.jpeg 500w, https:\/\/asalaranjeiras.org.br\/site\/wp-content\/uploads\/2021\/03\/WhatsApp-Image-2021-03-12-at-08.53.49-800x533.jpeg 800w, https:\/\/asalaranjeiras.org.br\/site\/wp-content\/uploads\/2021\/03\/WhatsApp-Image-2021-03-12-at-08.53.49-600x400.jpeg 600w\" sizes=\"auto, (max-width: 1024px) 100vw, 1024px\" \/><\/figure><\/li><\/ul><\/figure>\n\n\n\n<p><br><br><br><br><\/p>\n\n\n\n<p><\/p>\n","protected":false},"excerpt":{"rendered":"<p>&#x1f468;&#x200d;&#x1f4bb;Para capacitar os professores da rede de ensino municipal na retomada das aulas em modelo h\u00edbrido, fechamos uma importante parceria com a Secretaria de Educa\u00e7\u00e3o &#8211; Paraty. O projeto &#8220;Tecnologia Educacional\u201d j\u00e1 est\u00e1 em execu\u00e7\u00e3o nas escolas proporcionando o aprendizado de novas ferramentas tecnol\u00f3gicas e o dom\u00ednio de plataformas digitais para professores e coordenadores.Os aprendizados [&hellip;]<\/p>\n","protected":false},"author":2,"featured_media":47120,"comment_status":"closed","ping_status":"open","sticky":false,"template":"","format":"standard","meta":{"_uag_custom_page_level_css":"","ghostkit_customizer_options":"","ghostkit_custom_css":"","ghostkit_custom_js_head":"","ghostkit_custom_js_foot":"","ghostkit_typography":"","footnotes":""},"categories":[60,52],"tags":[],"class_list":["post-47114","post","type-post","status-publish","format-standard","has-post-thumbnail","hentry","category-informatica-educativa","category-programa-pedagogico-social"],"uagb_featured_image_src":{"full":["https:\/\/asalaranjeiras.org.br\/site\/wp-content\/uploads\/2021\/03\/WhatsApp-Image-2021-03-12-at-08.53.48.jpeg",682,1024,false],"thumbnail":["https:\/\/asalaranjeiras.org.br\/site\/wp-content\/uploads\/2021\/03\/WhatsApp-Image-2021-03-12-at-08.53.48-100x150.jpeg",100,150,true],"medium":["https:\/\/asalaranjeiras.org.br\/site\/wp-content\/uploads\/2021\/03\/WhatsApp-Image-2021-03-12-at-08.53.48-200x300.jpeg",200,300,true],"medium_large":["https:\/\/asalaranjeiras.org.br\/site\/wp-content\/uploads\/2021\/03\/WhatsApp-Image-2021-03-12-at-08.53.48.jpeg",682,1024,false],"large":["https:\/\/asalaranjeiras.org.br\/site\/wp-content\/uploads\/2021\/03\/WhatsApp-Image-2021-03-12-at-08.53.48.jpeg",682,1024,false],"1536x1536":["https:\/\/asalaranjeiras.org.br\/site\/wp-content\/uploads\/2021\/03\/WhatsApp-Image-2021-03-12-at-08.53.48.jpeg",682,1024,false],"2048x2048":["https:\/\/asalaranjeiras.org.br\/site\/wp-content\/uploads\/2021\/03\/WhatsApp-Image-2021-03-12-at-08.53.48.jpeg",682,1024,false],"awb_sm":["https:\/\/asalaranjeiras.org.br\/site\/wp-content\/uploads\/2021\/03\/WhatsApp-Image-2021-03-12-at-08.53.48-500x751.jpeg",500,751,true],"awb_md":["https:\/\/asalaranjeiras.org.br\/site\/wp-content\/uploads\/2021\/03\/WhatsApp-Image-2021-03-12-at-08.53.48.jpeg",682,1024,false],"awb_lg":["https:\/\/asalaranjeiras.org.br\/site\/wp-content\/uploads\/2021\/03\/WhatsApp-Image-2021-03-12-at-08.53.48.jpeg",682,1024,false],"awb_xl":["https:\/\/asalaranjeiras.org.br\/site\/wp-content\/uploads\/2021\/03\/WhatsApp-Image-2021-03-12-at-08.53.48.jpeg",682,1024,false],"smr-thumb":["https:\/\/asalaranjeiras.org.br\/site\/wp-content\/uploads\/2021\/03\/WhatsApp-Image-2021-03-12-at-08.53.48-682x452.jpeg",682,452,true],"smr-thumb-full":["https:\/\/asalaranjeiras.org.br\/site\/wp-content\/uploads\/2021\/03\/WhatsApp-Image-2021-03-12-at-08.53.48-682x613.jpeg",682,613,true]},"uagb_author_info":{"display_name":"Associa\u00e7\u00e3o Cairu\u00e7u","author_link":"https:\/\/asalaranjeiras.org.br\/site\/author\/cairucu\/"},"uagb_comment_info":0,"uagb_excerpt":"&#x1f468;&#x200d;&#x1f4bb;Para capacitar os professores da rede de ensino municipal na retomada das aulas em modelo h\u00edbrido, fechamos uma importante parceria com a Secretaria de Educa\u00e7\u00e3o &#8211; Paraty. O projeto &#8220;Tecnologia Educacional\u201d j\u00e1 est\u00e1 em execu\u00e7\u00e3o nas escolas proporcionando o aprendizado de novas ferramentas tecnol\u00f3gicas e o dom\u00ednio de plataformas digitais para professores e coordenadores.Os aprendizados&hellip;","_links":{"self":[{"href":"https:\/\/asalaranjeiras.org.br\/site\/wp-json\/wp\/v2\/posts\/47114","targetHints":{"allow":["GET"]}}],"collection":[{"href":"https:\/\/asalaranjeiras.org.br\/site\/wp-json\/wp\/v2\/posts"}],"about":[{"href":"https:\/\/asalaranjeiras.org.br\/site\/wp-json\/wp\/v2\/types\/post"}],"author":[{"embeddable":true,"href":"https:\/\/asalaranjeiras.org.br\/site\/wp-json\/wp\/v2\/users\/2"}],"replies":[{"embeddable":true,"href":"https:\/\/asalaranjeiras.org.br\/site\/wp-json\/wp\/v2\/comments?post=47114"}],"version-history":[{"count":1,"href":"https:\/\/asalaranjeiras.org.br\/site\/wp-json\/wp\/v2\/posts\/47114\/revisions"}],"predecessor-version":[{"id":47126,"href":"https:\/\/asalaranjeiras.org.br\/site\/wp-json\/wp\/v2\/posts\/47114\/revisions\/47126"}],"wp:featuredmedia":[{"embeddable":true,"href":"https:\/\/asalaranjeiras.org.br\/site\/wp-json\/wp\/v2\/media\/47120"}],"wp:attachment":[{"href":"https:\/\/asalaranjeiras.org.br\/site\/wp-json\/wp\/v2\/media?parent=47114"}],"wp:term":[{"taxonomy":"category","embeddable":true,"href":"https:\/\/asalaranjeiras.org.br\/site\/wp-json\/wp\/v2\/categories?post=47114"},{"taxonomy":"post_tag","embeddable":true,"href":"https:\/\/asalaranjeiras.org.br\/site\/wp-json\/wp\/v2\/tags?post=47114"}],"curies":[{"name":"wp","href":"https:\/\/api.w.org\/{rel}","templated":true}]}}