{"id":47244,"date":"2021-04-06T15:32:41","date_gmt":"2021-04-06T15:32:41","guid":{"rendered":"https:\/\/asalaranjeiras.org.br\/site\/?p=47244"},"modified":"2023-08-21T11:42:18","modified_gmt":"2023-08-21T11:42:18","slug":"modernismo-para-criancas","status":"publish","type":"post","link":"https:\/\/asalaranjeiras.org.br\/site\/modernismo-para-criancas\/","title":{"rendered":"MODERNISMO PARA CRIAN\u00c7AS"},"content":{"rendered":"\n<p class=\"has-text-align-center\">Programa Arte e Educa\u00e7\u00e3o apresenta artistas modernistas nas oficinas de artes<\/p>\n\n\n\n<p>O que o Modernismo pode ensinar a nossas crian\u00e7as? O movimento modernista aconteceu no Brasil no s\u00e9culo XX e foi respons\u00e1vel por romper com conceitos europeus e tradicionalistas, proporcionando renova\u00e7\u00f5es na cultura e nas artes no pa\u00eds. O programa modernista foi marcado pela constru\u00e7\u00e3o de manifesta\u00e7\u00f5es art\u00edsticas genuinamente brasileiras que valorizam a cultura nacional.<br>Para tratar sobre esse momento importante da nossa hist\u00f3ria, a educadora do projeto Oficina de Artes, Camila Calvo, desenvolveu uma s\u00e9rie de v\u00eddeos sobre o Modernismo, voltada para as crian\u00e7as. Em cada v\u00eddeo, Camila trouxe um novo artista: C\u00e2ndido Portinari, Tarsila do Amaral, Anita Malfatti, Di Cavalcanti e Vicente do Rengo Monteiro. Apresentando-os e propondo atividades relacionadas \u00e0s suas t\u00e9cnicas e suas obras.<br>A ideia de proporcionar a descoberta da linguagem art\u00edstica atrav\u00e9s desses grandes nomes \u00e9 uma maneira de reconhecer sua contribui\u00e7\u00e3o para a forma\u00e7\u00e3o da nossa identidade cultural, nossa brasilidade. As atividades educativas planejadas pela educadora consideram o valor das artes para a forma\u00e7\u00e3o da identidade, da express\u00e3o e da sensibilidade de cada crian\u00e7a, al\u00e9m de proporcionar o desenvolvimento cognitivo e ampliar o conhecimento de mundo.<\/p>\n\n\n\n<p>Assista aos v\u00eddeos da Oficina de Artes na <a href=\"https:\/\/asalaranjeiras.org.br\/site\/tv\/#tab-arteeeducao\">TV Educa\u00e7\u00e3o<\/a>.<\/p>\n\n\n\n<figure class=\"wp-block-image size-large\"><img loading=\"lazy\" decoding=\"async\" width=\"599\" height=\"345\" src=\"https:\/\/asalaranjeiras.org.br\/site\/wp-content\/uploads\/2021\/04\/WhatsApp-Image-2021-04-06-at-09.13.58.jpeg\" alt=\"\" class=\"wp-image-47246\" srcset=\"https:\/\/asalaranjeiras.org.br\/site\/wp-content\/uploads\/2021\/04\/WhatsApp-Image-2021-04-06-at-09.13.58.jpeg 599w, https:\/\/asalaranjeiras.org.br\/site\/wp-content\/uploads\/2021\/04\/WhatsApp-Image-2021-04-06-at-09.13.58-300x173.jpeg 300w, https:\/\/asalaranjeiras.org.br\/site\/wp-content\/uploads\/2021\/04\/WhatsApp-Image-2021-04-06-at-09.13.58-150x86.jpeg 150w, https:\/\/asalaranjeiras.org.br\/site\/wp-content\/uploads\/2021\/04\/WhatsApp-Image-2021-04-06-at-09.13.58-500x288.jpeg 500w\" sizes=\"auto, (max-width: 599px) 100vw, 599px\" \/><figcaption><a href=\"https:\/\/asalaranjeiras.org.br\/site\/tv\/#tab-arteeeducao\">https:\/\/asalaranjeiras.org.br\/site\/tv\/#tab-arteeeducao<\/a><\/figcaption><\/figure>\n","protected":false},"excerpt":{"rendered":"<p>Programa Arte e Educa\u00e7\u00e3o apresenta artistas modernistas nas oficinas de artes O que o Modernismo pode ensinar a nossas crian\u00e7as? O movimento modernista aconteceu no Brasil no s\u00e9culo XX e foi respons\u00e1vel por romper com conceitos europeus e tradicionalistas, proporcionando renova\u00e7\u00f5es na cultura e nas artes no pa\u00eds. O programa modernista foi marcado pela constru\u00e7\u00e3o [&hellip;]<\/p>\n","protected":false},"author":2,"featured_media":47346,"comment_status":"closed","ping_status":"open","sticky":false,"template":"","format":"standard","meta":{"_uag_custom_page_level_css":"","ghostkit_customizer_options":"","ghostkit_custom_css":"","ghostkit_custom_js_head":"","ghostkit_custom_js_foot":"","ghostkit_typography":"","footnotes":""},"categories":[52],"tags":[],"class_list":["post-47244","post","type-post","status-publish","format-standard","has-post-thumbnail","hentry","category-programa-pedagogico-social"],"uagb_featured_image_src":{"full":["https:\/\/asalaranjeiras.org.br\/site\/wp-content\/uploads\/2021\/04\/WhatsApp-Image-2021-06-09-at-09.32.28.jpeg",602,342,false],"thumbnail":["https:\/\/asalaranjeiras.org.br\/site\/wp-content\/uploads\/2021\/04\/WhatsApp-Image-2021-06-09-at-09.32.28-150x85.jpeg",150,85,true],"medium":["https:\/\/asalaranjeiras.org.br\/site\/wp-content\/uploads\/2021\/04\/WhatsApp-Image-2021-06-09-at-09.32.28-300x170.jpeg",300,170,true],"medium_large":["https:\/\/asalaranjeiras.org.br\/site\/wp-content\/uploads\/2021\/04\/WhatsApp-Image-2021-06-09-at-09.32.28.jpeg",602,342,false],"large":["https:\/\/asalaranjeiras.org.br\/site\/wp-content\/uploads\/2021\/04\/WhatsApp-Image-2021-06-09-at-09.32.28.jpeg",602,342,false],"1536x1536":["https:\/\/asalaranjeiras.org.br\/site\/wp-content\/uploads\/2021\/04\/WhatsApp-Image-2021-06-09-at-09.32.28.jpeg",602,342,false],"2048x2048":["https:\/\/asalaranjeiras.org.br\/site\/wp-content\/uploads\/2021\/04\/WhatsApp-Image-2021-06-09-at-09.32.28.jpeg",602,342,false],"awb_sm":["https:\/\/asalaranjeiras.org.br\/site\/wp-content\/uploads\/2021\/04\/WhatsApp-Image-2021-06-09-at-09.32.28-500x284.jpeg",500,284,true],"awb_md":["https:\/\/asalaranjeiras.org.br\/site\/wp-content\/uploads\/2021\/04\/WhatsApp-Image-2021-06-09-at-09.32.28.jpeg",602,342,false],"awb_lg":["https:\/\/asalaranjeiras.org.br\/site\/wp-content\/uploads\/2021\/04\/WhatsApp-Image-2021-06-09-at-09.32.28.jpeg",602,342,false],"awb_xl":["https:\/\/asalaranjeiras.org.br\/site\/wp-content\/uploads\/2021\/04\/WhatsApp-Image-2021-06-09-at-09.32.28.jpeg",602,342,false],"smr-thumb":["https:\/\/asalaranjeiras.org.br\/site\/wp-content\/uploads\/2021\/04\/WhatsApp-Image-2021-06-09-at-09.32.28.jpeg",602,342,false],"smr-thumb-full":["https:\/\/asalaranjeiras.org.br\/site\/wp-content\/uploads\/2021\/04\/WhatsApp-Image-2021-06-09-at-09.32.28.jpeg",602,342,false]},"uagb_author_info":{"display_name":"Associa\u00e7\u00e3o Cairu\u00e7u","author_link":"https:\/\/asalaranjeiras.org.br\/site\/author\/cairucu\/"},"uagb_comment_info":0,"uagb_excerpt":"Programa Arte e Educa\u00e7\u00e3o apresenta artistas modernistas nas oficinas de artes O que o Modernismo pode ensinar a nossas crian\u00e7as? O movimento modernista aconteceu no Brasil no s\u00e9culo XX e foi respons\u00e1vel por romper com conceitos europeus e tradicionalistas, proporcionando renova\u00e7\u00f5es na cultura e nas artes no pa\u00eds. O programa modernista foi marcado pela constru\u00e7\u00e3o&hellip;","_links":{"self":[{"href":"https:\/\/asalaranjeiras.org.br\/site\/wp-json\/wp\/v2\/posts\/47244","targetHints":{"allow":["GET"]}}],"collection":[{"href":"https:\/\/asalaranjeiras.org.br\/site\/wp-json\/wp\/v2\/posts"}],"about":[{"href":"https:\/\/asalaranjeiras.org.br\/site\/wp-json\/wp\/v2\/types\/post"}],"author":[{"embeddable":true,"href":"https:\/\/asalaranjeiras.org.br\/site\/wp-json\/wp\/v2\/users\/2"}],"replies":[{"embeddable":true,"href":"https:\/\/asalaranjeiras.org.br\/site\/wp-json\/wp\/v2\/comments?post=47244"}],"version-history":[{"count":2,"href":"https:\/\/asalaranjeiras.org.br\/site\/wp-json\/wp\/v2\/posts\/47244\/revisions"}],"predecessor-version":[{"id":47248,"href":"https:\/\/asalaranjeiras.org.br\/site\/wp-json\/wp\/v2\/posts\/47244\/revisions\/47248"}],"wp:featuredmedia":[{"embeddable":true,"href":"https:\/\/asalaranjeiras.org.br\/site\/wp-json\/wp\/v2\/media\/47346"}],"wp:attachment":[{"href":"https:\/\/asalaranjeiras.org.br\/site\/wp-json\/wp\/v2\/media?parent=47244"}],"wp:term":[{"taxonomy":"category","embeddable":true,"href":"https:\/\/asalaranjeiras.org.br\/site\/wp-json\/wp\/v2\/categories?post=47244"},{"taxonomy":"post_tag","embeddable":true,"href":"https:\/\/asalaranjeiras.org.br\/site\/wp-json\/wp\/v2\/tags?post=47244"}],"curies":[{"name":"wp","href":"https:\/\/api.w.org\/{rel}","templated":true}]}}