{"id":47698,"date":"2021-10-25T15:57:22","date_gmt":"2021-10-25T15:57:22","guid":{"rendered":"https:\/\/asalaranjeiras.org.br\/site\/?p=47698"},"modified":"2023-08-21T12:30:09","modified_gmt":"2023-08-21T12:30:09","slug":"brincadeira-de-crianca-e-conhecer-a-si-mesmo-e-ao-mundo","status":"publish","type":"post","link":"https:\/\/asalaranjeiras.org.br\/site\/brincadeira-de-crianca-e-conhecer-a-si-mesmo-e-ao-mundo\/","title":{"rendered":"Brincadeira de crian\u00e7a \u00e9 conhecer a si mesmo e ao mundo"},"content":{"rendered":"\n<p>O brincar na inf\u00e2ncia desenvolve habilidades socioemocionais que ser\u00e3o levadas para a vida adulta<\/p>\n\n\n\n<p>\u00c9 por meio das brincadeiras que se d\u00e3o os primeiros contatos de uma crian\u00e7a com o mundo, atrav\u00e9s delas desenvolvem-se movimentos, intera\u00e7\u00f5es sociais e mecanismos para lidar com as emo\u00e7\u00f5es. Brincar integra corpo, espa\u00e7o e movimento, assim, contribui com o processo de desenvolvimento de aptid\u00f5es perceptivas, espaciais e temporais na inf\u00e2ncia.<\/p>\n\n\n\n<p>Na comunidade da Ponta Negra, o Programa Esporte Educacional oferta o Projeto Brincar no CEIC com o objetivo de promover um brincar livre, favorecendo a autonomia das crian\u00e7as e a sua forma\u00e7\u00e3o integral. O projeto busca perpetuar jogos e brincadeiras tradicionais locais e da cultura popular brasileira, al\u00e9m de apresentar jogos cooperativos e novas brincadeiras. Realizado uma vez por semana, no per\u00edodo do contraturno escolar, o Brincar no CEIC \u00e9 ministrado pela educadora Vit\u00f3ria Rizzo, com o apoio de Andr\u00e9 Lima, coordenador do Programa, e atende a crian\u00e7as com idades entre 5 e 10 anos.<\/p>\n\n\n\n<p>A proposta \u00e9 criar um tempo de brincar para as crian\u00e7as da comunidade cai\u00e7ara sob a orienta\u00e7\u00e3o de um profissional da Educa\u00e7\u00e3o. \u201cOferecemos uma experi\u00eancia educativa atrav\u00e9s do brincar. Na primeira inf\u00e2ncia, as brincadeiras desencadeiam o desenvolvimento infantil e trabalharam movimentos e habilidades motoras importantes para a vida toda, al\u00e9m de contribuir, posteriormente, para o letramento e a prontid\u00e3o para a alfabetiza\u00e7\u00e3o.\u201d comenta Andr\u00e9.<\/p>\n\n\n\n<p>No Projeto Brincar no CEIC, mais do que propor brincadeiras, \u00e9 priorizada a participa\u00e7\u00e3o dos educadores nas atividades, para que brincando juntos, a experi\u00eancia torne-se enriquecedora e promova uma intera\u00e7\u00e3o geracional e socioemocional positiva. Essa intera\u00e7\u00e3o \u00e9 capaz de gerar v\u00ednculos de respeito e afeto na inf\u00e2ncia, considerados fundamentais nesta etapa que \u00e9 considerada a mais importante para o desenvolvimento.<\/p>\n\n\n\n<p>Durante os encontros, o corpo \u00e9 um elemento central nas a\u00e7\u00f5es das crian\u00e7as, que muitas vezes utilizam apenas o movimento nas atividades propostas. \u201cO corpo \u00e9 di\u00e1logo e ponte para o mundo, \u00e9 individualidade, independ\u00eancia e autonomia, \u00e9 linguagem, \u00e9 comunica\u00e7\u00e3o e intera\u00e7\u00e3o. Um corpo comunica, se desloca, aquieta-se e se movimenta. Dessa forma, o projeto existe como um momento de aten\u00e7\u00e3o ao corpo e ao movimento.\u201d, explica a educadora, Vit\u00f3ria Rizzo.<\/p>\n\n\n\n<p>A descoberta de novas formas de se divertir tamb\u00e9m faz parte do escopo do projeto, que realiza simultaneamente uma pesquisa sobre as brincadeiras tradicionais do local, visando valorizar e salvaguardar pr\u00e1ticas que fazem parte da cultura do nosso territ\u00f3rio.<\/p>\n\n\n\n<p>Atrav\u00e9s de uma campanha interna, a equipe do projeto est\u00e1 arrecadando materiais para brincar ou, materiais n\u00e3o estruturados, como cordas, peda\u00e7os de canos de PVC, barbantes, latas, entre outros, a fim de estimular a ast\u00facia e a inventividade das crian\u00e7as, ofertando objetos cujas possibilidades de brincadeiras s\u00e3o ilimitadas. Na foto abaixo as crian\u00e7as de Ponta Negra brincam \u00e0 sua maneira com os cones levados por Vit\u00f3ria.<\/p>\n\n\n\n<p>Que atrav\u00e9s do brincar nossas crian\u00e7as exer\u00e7am o direito de ser crian\u00e7a, criando e descobrindo todo o seu potencial!<\/p>\n\n\n\n<figure class=\"wp-block-gallery columns-3 is-cropped wp-block-gallery-1 is-layout-flex wp-block-gallery-is-layout-flex\"><ul class=\"blocks-gallery-grid\"><li class=\"blocks-gallery-item\"><figure><img loading=\"lazy\" decoding=\"async\" width=\"1024\" height=\"682\" src=\"https:\/\/asalaranjeiras.org.br\/site\/wp-content\/uploads\/2021\/10\/WhatsApp-Image-2021-10-24-at-17.00.53-2-1024x682.jpeg\" alt=\"\" data-id=\"47701\" data-full-url=\"https:\/\/asalaranjeiras.org.br\/site\/wp-content\/uploads\/2021\/10\/WhatsApp-Image-2021-10-24-at-17.00.53-2.jpeg\" data-link=\"https:\/\/asalaranjeiras.org.br\/site\/?attachment_id=47701\" class=\"wp-image-47701\" srcset=\"https:\/\/asalaranjeiras.org.br\/site\/wp-content\/uploads\/2021\/10\/WhatsApp-Image-2021-10-24-at-17.00.53-2-1024x682.jpeg 1024w, https:\/\/asalaranjeiras.org.br\/site\/wp-content\/uploads\/2021\/10\/WhatsApp-Image-2021-10-24-at-17.00.53-2-300x200.jpeg 300w, https:\/\/asalaranjeiras.org.br\/site\/wp-content\/uploads\/2021\/10\/WhatsApp-Image-2021-10-24-at-17.00.53-2-150x100.jpeg 150w, https:\/\/asalaranjeiras.org.br\/site\/wp-content\/uploads\/2021\/10\/WhatsApp-Image-2021-10-24-at-17.00.53-2-768x512.jpeg 768w, https:\/\/asalaranjeiras.org.br\/site\/wp-content\/uploads\/2021\/10\/WhatsApp-Image-2021-10-24-at-17.00.53-2-500x333.jpeg 500w, https:\/\/asalaranjeiras.org.br\/site\/wp-content\/uploads\/2021\/10\/WhatsApp-Image-2021-10-24-at-17.00.53-2-800x533.jpeg 800w, https:\/\/asalaranjeiras.org.br\/site\/wp-content\/uploads\/2021\/10\/WhatsApp-Image-2021-10-24-at-17.00.53-2-600x400.jpeg 600w, https:\/\/asalaranjeiras.org.br\/site\/wp-content\/uploads\/2021\/10\/WhatsApp-Image-2021-10-24-at-17.00.53-2.jpeg 1280w\" sizes=\"auto, (max-width: 1024px) 100vw, 1024px\" \/><\/figure><\/li><li class=\"blocks-gallery-item\"><figure><img loading=\"lazy\" decoding=\"async\" width=\"1024\" height=\"461\" src=\"https:\/\/asalaranjeiras.org.br\/site\/wp-content\/uploads\/2021\/10\/WhatsApp-Image-2021-10-24-at-17.00.53-1-1024x461.jpeg\" alt=\"\" data-id=\"47700\" data-full-url=\"https:\/\/asalaranjeiras.org.br\/site\/wp-content\/uploads\/2021\/10\/WhatsApp-Image-2021-10-24-at-17.00.53-1.jpeg\" data-link=\"https:\/\/asalaranjeiras.org.br\/site\/?attachment_id=47700\" class=\"wp-image-47700\" srcset=\"https:\/\/asalaranjeiras.org.br\/site\/wp-content\/uploads\/2021\/10\/WhatsApp-Image-2021-10-24-at-17.00.53-1-1024x461.jpeg 1024w, https:\/\/asalaranjeiras.org.br\/site\/wp-content\/uploads\/2021\/10\/WhatsApp-Image-2021-10-24-at-17.00.53-1-300x135.jpeg 300w, https:\/\/asalaranjeiras.org.br\/site\/wp-content\/uploads\/2021\/10\/WhatsApp-Image-2021-10-24-at-17.00.53-1-150x68.jpeg 150w, https:\/\/asalaranjeiras.org.br\/site\/wp-content\/uploads\/2021\/10\/WhatsApp-Image-2021-10-24-at-17.00.53-1-768x346.jpeg 768w, https:\/\/asalaranjeiras.org.br\/site\/wp-content\/uploads\/2021\/10\/WhatsApp-Image-2021-10-24-at-17.00.53-1-500x225.jpeg 500w, https:\/\/asalaranjeiras.org.br\/site\/wp-content\/uploads\/2021\/10\/WhatsApp-Image-2021-10-24-at-17.00.53-1-800x360.jpeg 800w, https:\/\/asalaranjeiras.org.br\/site\/wp-content\/uploads\/2021\/10\/WhatsApp-Image-2021-10-24-at-17.00.53-1-600x270.jpeg 600w, https:\/\/asalaranjeiras.org.br\/site\/wp-content\/uploads\/2021\/10\/WhatsApp-Image-2021-10-24-at-17.00.53-1.jpeg 1280w\" sizes=\"auto, (max-width: 1024px) 100vw, 1024px\" \/><\/figure><\/li><li class=\"blocks-gallery-item\"><figure><img loading=\"lazy\" decoding=\"async\" width=\"1024\" height=\"682\" src=\"https:\/\/asalaranjeiras.org.br\/site\/wp-content\/uploads\/2021\/10\/WhatsApp-Image-2021-10-24-at-17.00.53-3-1024x682.jpeg\" alt=\"\" data-id=\"47702\" data-full-url=\"https:\/\/asalaranjeiras.org.br\/site\/wp-content\/uploads\/2021\/10\/WhatsApp-Image-2021-10-24-at-17.00.53-3.jpeg\" data-link=\"https:\/\/asalaranjeiras.org.br\/site\/?attachment_id=47702\" class=\"wp-image-47702\" srcset=\"https:\/\/asalaranjeiras.org.br\/site\/wp-content\/uploads\/2021\/10\/WhatsApp-Image-2021-10-24-at-17.00.53-3-1024x682.jpeg 1024w, https:\/\/asalaranjeiras.org.br\/site\/wp-content\/uploads\/2021\/10\/WhatsApp-Image-2021-10-24-at-17.00.53-3-300x200.jpeg 300w, https:\/\/asalaranjeiras.org.br\/site\/wp-content\/uploads\/2021\/10\/WhatsApp-Image-2021-10-24-at-17.00.53-3-150x100.jpeg 150w, https:\/\/asalaranjeiras.org.br\/site\/wp-content\/uploads\/2021\/10\/WhatsApp-Image-2021-10-24-at-17.00.53-3-768x512.jpeg 768w, https:\/\/asalaranjeiras.org.br\/site\/wp-content\/uploads\/2021\/10\/WhatsApp-Image-2021-10-24-at-17.00.53-3-500x333.jpeg 500w, https:\/\/asalaranjeiras.org.br\/site\/wp-content\/uploads\/2021\/10\/WhatsApp-Image-2021-10-24-at-17.00.53-3-800x533.jpeg 800w, https:\/\/asalaranjeiras.org.br\/site\/wp-content\/uploads\/2021\/10\/WhatsApp-Image-2021-10-24-at-17.00.53-3-600x400.jpeg 600w, https:\/\/asalaranjeiras.org.br\/site\/wp-content\/uploads\/2021\/10\/WhatsApp-Image-2021-10-24-at-17.00.53-3.jpeg 1280w\" sizes=\"auto, (max-width: 1024px) 100vw, 1024px\" \/><\/figure><\/li><li class=\"blocks-gallery-item\"><figure><img loading=\"lazy\" decoding=\"async\" width=\"1024\" height=\"682\" src=\"https:\/\/asalaranjeiras.org.br\/site\/wp-content\/uploads\/2021\/10\/WhatsApp-Image-2021-10-24-at-17.00.53-4-1024x682.jpeg\" alt=\"\" data-id=\"47703\" data-full-url=\"https:\/\/asalaranjeiras.org.br\/site\/wp-content\/uploads\/2021\/10\/WhatsApp-Image-2021-10-24-at-17.00.53-4.jpeg\" data-link=\"https:\/\/asalaranjeiras.org.br\/site\/?attachment_id=47703\" class=\"wp-image-47703\" srcset=\"https:\/\/asalaranjeiras.org.br\/site\/wp-content\/uploads\/2021\/10\/WhatsApp-Image-2021-10-24-at-17.00.53-4-1024x682.jpeg 1024w, https:\/\/asalaranjeiras.org.br\/site\/wp-content\/uploads\/2021\/10\/WhatsApp-Image-2021-10-24-at-17.00.53-4-300x200.jpeg 300w, https:\/\/asalaranjeiras.org.br\/site\/wp-content\/uploads\/2021\/10\/WhatsApp-Image-2021-10-24-at-17.00.53-4-150x100.jpeg 150w, https:\/\/asalaranjeiras.org.br\/site\/wp-content\/uploads\/2021\/10\/WhatsApp-Image-2021-10-24-at-17.00.53-4-768x512.jpeg 768w, https:\/\/asalaranjeiras.org.br\/site\/wp-content\/uploads\/2021\/10\/WhatsApp-Image-2021-10-24-at-17.00.53-4-500x333.jpeg 500w, https:\/\/asalaranjeiras.org.br\/site\/wp-content\/uploads\/2021\/10\/WhatsApp-Image-2021-10-24-at-17.00.53-4-800x533.jpeg 800w, https:\/\/asalaranjeiras.org.br\/site\/wp-content\/uploads\/2021\/10\/WhatsApp-Image-2021-10-24-at-17.00.53-4-600x400.jpeg 600w, https:\/\/asalaranjeiras.org.br\/site\/wp-content\/uploads\/2021\/10\/WhatsApp-Image-2021-10-24-at-17.00.53-4.jpeg 1280w\" sizes=\"auto, (max-width: 1024px) 100vw, 1024px\" \/><\/figure><\/li><li class=\"blocks-gallery-item\"><figure><img loading=\"lazy\" decoding=\"async\" width=\"1024\" height=\"461\" src=\"https:\/\/asalaranjeiras.org.br\/site\/wp-content\/uploads\/2021\/10\/WhatsApp-Image-2021-10-24-at-17.00.53-1024x461.jpeg\" alt=\"\" data-id=\"47704\" data-full-url=\"https:\/\/asalaranjeiras.org.br\/site\/wp-content\/uploads\/2021\/10\/WhatsApp-Image-2021-10-24-at-17.00.53.jpeg\" data-link=\"https:\/\/asalaranjeiras.org.br\/site\/?attachment_id=47704\" class=\"wp-image-47704\" srcset=\"https:\/\/asalaranjeiras.org.br\/site\/wp-content\/uploads\/2021\/10\/WhatsApp-Image-2021-10-24-at-17.00.53-1024x461.jpeg 1024w, https:\/\/asalaranjeiras.org.br\/site\/wp-content\/uploads\/2021\/10\/WhatsApp-Image-2021-10-24-at-17.00.53-300x135.jpeg 300w, https:\/\/asalaranjeiras.org.br\/site\/wp-content\/uploads\/2021\/10\/WhatsApp-Image-2021-10-24-at-17.00.53-150x68.jpeg 150w, https:\/\/asalaranjeiras.org.br\/site\/wp-content\/uploads\/2021\/10\/WhatsApp-Image-2021-10-24-at-17.00.53-768x346.jpeg 768w, https:\/\/asalaranjeiras.org.br\/site\/wp-content\/uploads\/2021\/10\/WhatsApp-Image-2021-10-24-at-17.00.53-500x225.jpeg 500w, https:\/\/asalaranjeiras.org.br\/site\/wp-content\/uploads\/2021\/10\/WhatsApp-Image-2021-10-24-at-17.00.53-800x360.jpeg 800w, https:\/\/asalaranjeiras.org.br\/site\/wp-content\/uploads\/2021\/10\/WhatsApp-Image-2021-10-24-at-17.00.53-600x270.jpeg 600w, https:\/\/asalaranjeiras.org.br\/site\/wp-content\/uploads\/2021\/10\/WhatsApp-Image-2021-10-24-at-17.00.53.jpeg 1280w\" sizes=\"auto, (max-width: 1024px) 100vw, 1024px\" \/><\/figure><\/li><\/ul><\/figure>\n\n\n\n<p><\/p>\n","protected":false},"excerpt":{"rendered":"<p>O brincar na inf\u00e2ncia desenvolve habilidades socioemocionais que ser\u00e3o levadas para a vida adulta \u00c9 por meio das brincadeiras que se d\u00e3o os primeiros contatos de uma crian\u00e7a com o mundo, atrav\u00e9s delas desenvolvem-se movimentos, intera\u00e7\u00f5es sociais e mecanismos para lidar com as emo\u00e7\u00f5es. Brincar integra corpo, espa\u00e7o e movimento, assim, contribui com o processo [&hellip;]<\/p>\n","protected":false},"author":2,"featured_media":47701,"comment_status":"closed","ping_status":"open","sticky":false,"template":"","format":"standard","meta":{"_uag_custom_page_level_css":"","ghostkit_customizer_options":"","ghostkit_custom_css":"","ghostkit_custom_js_head":"","ghostkit_custom_js_foot":"","ghostkit_typography":"","footnotes":""},"categories":[52],"tags":[],"class_list":["post-47698","post","type-post","status-publish","format-standard","has-post-thumbnail","hentry","category-programa-pedagogico-social"],"uagb_featured_image_src":{"full":["https:\/\/asalaranjeiras.org.br\/site\/wp-content\/uploads\/2021\/10\/WhatsApp-Image-2021-10-24-at-17.00.53-2.jpeg",1280,853,false],"thumbnail":["https:\/\/asalaranjeiras.org.br\/site\/wp-content\/uploads\/2021\/10\/WhatsApp-Image-2021-10-24-at-17.00.53-2-150x100.jpeg",150,100,true],"medium":["https:\/\/asalaranjeiras.org.br\/site\/wp-content\/uploads\/2021\/10\/WhatsApp-Image-2021-10-24-at-17.00.53-2-300x200.jpeg",300,200,true],"medium_large":["https:\/\/asalaranjeiras.org.br\/site\/wp-content\/uploads\/2021\/10\/WhatsApp-Image-2021-10-24-at-17.00.53-2-768x512.jpeg",768,512,true],"large":["https:\/\/asalaranjeiras.org.br\/site\/wp-content\/uploads\/2021\/10\/WhatsApp-Image-2021-10-24-at-17.00.53-2-1024x682.jpeg",1024,682,true],"1536x1536":["https:\/\/asalaranjeiras.org.br\/site\/wp-content\/uploads\/2021\/10\/WhatsApp-Image-2021-10-24-at-17.00.53-2.jpeg",1280,853,false],"2048x2048":["https:\/\/asalaranjeiras.org.br\/site\/wp-content\/uploads\/2021\/10\/WhatsApp-Image-2021-10-24-at-17.00.53-2.jpeg",1280,853,false],"awb_sm":["https:\/\/asalaranjeiras.org.br\/site\/wp-content\/uploads\/2021\/10\/WhatsApp-Image-2021-10-24-at-17.00.53-2-500x333.jpeg",500,333,true],"awb_md":["https:\/\/asalaranjeiras.org.br\/site\/wp-content\/uploads\/2021\/10\/WhatsApp-Image-2021-10-24-at-17.00.53-2-800x533.jpeg",800,533,true],"awb_lg":["https:\/\/asalaranjeiras.org.br\/site\/wp-content\/uploads\/2021\/10\/WhatsApp-Image-2021-10-24-at-17.00.53-2.jpeg",1280,853,false],"awb_xl":["https:\/\/asalaranjeiras.org.br\/site\/wp-content\/uploads\/2021\/10\/WhatsApp-Image-2021-10-24-at-17.00.53-2.jpeg",1280,853,false],"smr-thumb":["https:\/\/asalaranjeiras.org.br\/site\/wp-content\/uploads\/2021\/10\/WhatsApp-Image-2021-10-24-at-17.00.53-2-805x452.jpeg",805,452,true],"smr-thumb-full":["https:\/\/asalaranjeiras.org.br\/site\/wp-content\/uploads\/2021\/10\/WhatsApp-Image-2021-10-24-at-17.00.53-2-1090x613.jpeg",1090,613,true]},"uagb_author_info":{"display_name":"Associa\u00e7\u00e3o Cairu\u00e7u","author_link":"https:\/\/asalaranjeiras.org.br\/site\/author\/cairucu\/"},"uagb_comment_info":0,"uagb_excerpt":"O brincar na inf\u00e2ncia desenvolve habilidades socioemocionais que ser\u00e3o levadas para a vida adulta \u00c9 por meio das brincadeiras que se d\u00e3o os primeiros contatos de uma crian\u00e7a com o mundo, atrav\u00e9s delas desenvolvem-se movimentos, intera\u00e7\u00f5es sociais e mecanismos para lidar com as emo\u00e7\u00f5es. Brincar integra corpo, espa\u00e7o e movimento, assim, contribui com o processo&hellip;","_links":{"self":[{"href":"https:\/\/asalaranjeiras.org.br\/site\/wp-json\/wp\/v2\/posts\/47698","targetHints":{"allow":["GET"]}}],"collection":[{"href":"https:\/\/asalaranjeiras.org.br\/site\/wp-json\/wp\/v2\/posts"}],"about":[{"href":"https:\/\/asalaranjeiras.org.br\/site\/wp-json\/wp\/v2\/types\/post"}],"author":[{"embeddable":true,"href":"https:\/\/asalaranjeiras.org.br\/site\/wp-json\/wp\/v2\/users\/2"}],"replies":[{"embeddable":true,"href":"https:\/\/asalaranjeiras.org.br\/site\/wp-json\/wp\/v2\/comments?post=47698"}],"version-history":[{"count":1,"href":"https:\/\/asalaranjeiras.org.br\/site\/wp-json\/wp\/v2\/posts\/47698\/revisions"}],"predecessor-version":[{"id":47705,"href":"https:\/\/asalaranjeiras.org.br\/site\/wp-json\/wp\/v2\/posts\/47698\/revisions\/47705"}],"wp:featuredmedia":[{"embeddable":true,"href":"https:\/\/asalaranjeiras.org.br\/site\/wp-json\/wp\/v2\/media\/47701"}],"wp:attachment":[{"href":"https:\/\/asalaranjeiras.org.br\/site\/wp-json\/wp\/v2\/media?parent=47698"}],"wp:term":[{"taxonomy":"category","embeddable":true,"href":"https:\/\/asalaranjeiras.org.br\/site\/wp-json\/wp\/v2\/categories?post=47698"},{"taxonomy":"post_tag","embeddable":true,"href":"https:\/\/asalaranjeiras.org.br\/site\/wp-json\/wp\/v2\/tags?post=47698"}],"curies":[{"name":"wp","href":"https:\/\/api.w.org\/{rel}","templated":true}]}}