{"id":47699,"date":"2021-10-25T16:02:42","date_gmt":"2021-10-25T16:02:42","guid":{"rendered":"https:\/\/asalaranjeiras.org.br\/site\/?p=47699"},"modified":"2023-08-21T11:41:38","modified_gmt":"2023-08-21T11:41:38","slug":"programa-arte-e-educacao-amplia-atividades-na-rede-publica-de-ensino","status":"publish","type":"post","link":"https:\/\/asalaranjeiras.org.br\/site\/programa-arte-e-educacao-amplia-atividades-na-rede-publica-de-ensino\/","title":{"rendered":"Programa Arte e Educa\u00e7\u00e3o amplia atividades na rede p\u00fablica de ensino"},"content":{"rendered":"\n<p>Para contribuir com um ensino de qualidade e afetividade no territ\u00f3rio, a parceria da Associa\u00e7\u00e3o Cairu\u00e7u com a Secretaria de Educa\u00e7\u00e3o de Paraty levou projetos de arte e letramento para os estudantes da rede p\u00fablica de ensino. No primeiro semestre de 2021, o Programa Arte e Educa\u00e7\u00e3o marcou presen\u00e7a virtualmente nas escolas E. M. The\u00f3philo Rameck e E. M. Samuel Costa, com atividades alinhadas \u00e0 proposta pedag\u00f3gica da Secretaria, que teve a Sa\u00fade Integral como tema norteador.<\/p>\n\n\n\n<p>Ministrado pela educadora Camila Calvo, o projeto Oficina de Artes trabalhou a express\u00e3o de m\u00faltiplas linguagens art\u00edsticas com estrat\u00e9gias distintas para cada turma. Com o 5\u00ba ano das escolas do Patrim\u00f4nio e da Vila Orat\u00f3rio, ela estimulou o tra\u00e7o e a observa\u00e7\u00e3o voltada para o desenho. Para o 6\u00ba ano da escola E.M The\u00f3philo Rameck, apresentou a rela\u00e7\u00e3o da geometria com as artes com o objetivo de mostrar os conceitos b\u00e1sicos do letramento matem\u00e1tico nas artes pl\u00e1sticas.<\/p>\n\n\n\n<p>Sob o comando de tr\u00eas mulheres educadoras, Lissandra Brotto, Viviane Ara\u00fajo e Elisa Pereira, o projeto Letramento contemplou turmas do 2 \u00ba ao 6 \u00ba ano, al\u00e9m de ofertar a\u00e7\u00f5es mensais para a educa\u00e7\u00e3o infantil e o 1\u00ba ano. De forma l\u00fadica, as v\u00eddeoaulas criadas pelas educadoras contribu\u00edram com o processo de aprendizagem formal atrav\u00e9s do incentivo \u00e0 leitura, \u00e0 express\u00e3o oral, e a escrita. Apenas de conta\u00e7\u00e3o de hist\u00f3rias, foram mais de 20 v\u00eddeos e muitos autores foram apresentados aos estudantes!<\/p>\n\n\n\n<p>Nosso Clube de Leitura, mediado pela poetisa Elisa Pereira, trabalhou a obra da autora Lydia Bojunga com a turma de 6\u00ba ano da escola The\u00f3philo Rameck, de maneira que fosse poss\u00edvel criar um espa\u00e7o de proximidade e afinidade entre as crian\u00e7as e os livros.<\/p>\n\n\n\n<p>Durante os \u00faltimos meses, materiais diversos, como pap\u00e9is coloridos, canetinhas e massinhas, foram distribu\u00eddos para as crian\u00e7as, dentro do kit enviado quinzenalmente pelas escolas, para a execu\u00e7\u00e3o das atividades propostas semanalmente nos grupos de mensagens diretas das nossas turminhas.<\/p>\n\n\n\n<p>O Programa Arte e Educa\u00e7\u00e3o contou, ainda, com o talento de tr\u00eas jovens volunt\u00e1rias de uma escola de S\u00e3o Paulo que se propuseram a aproximar a turma do 6\u00ba ano da E.M. The\u00f3philo Rameck do mundo das artes e realizaram din\u00e2micas para que os participantes elaborassem e demonstrassem seus sentimentos e pensamentos de maneira efetiva e criativa.<\/p>\n\n\n\n<p>A somat\u00f3ria de a\u00e7\u00f5es do Programa Arte e Educa\u00e7\u00e3o dentro das escolas municipais chegou a quase 7000 atendimentos \u00e0s crian\u00e7as e jovens, atrav\u00e9s de atividades virtuais e entregas de materiais. Esse resultado se torna poss\u00edvel gra\u00e7as \u00e0 receptividade dos gestores escolares e professores. \u201cA parceria nos oportuniza realizar um dos objetivos principais do Programa Arte e Educa\u00e7\u00e3o, que \u00e9 o de estimular as m\u00faltiplas linguagens da comunica\u00e7\u00e3o e express\u00e3o, com muita ludicidade, integrada ao Projeto Pedag\u00f3gico Escolar.\u201d, disse Andreia do Almo, coordenadora do PAE<\/p>\n\n\n\n<p>Agradecemos a Secretaria de Educa\u00e7\u00e3o, em especial \u00e0 secret\u00e1ria Gabriela Gibrail por acolher nosso trabalho, demonstrando seu esfor\u00e7o para fortalecer uma rede educativa ampliada cujo objetivo \u00e9 promover transforma\u00e7\u00f5es positivas para o futuro da cidade.<\/p>\n","protected":false},"excerpt":{"rendered":"<p>Para contribuir com um ensino de qualidade e afetividade no territ\u00f3rio, a parceria da Associa\u00e7\u00e3o Cairu\u00e7u com a Secretaria de Educa\u00e7\u00e3o de Paraty levou projetos de arte e letramento para os estudantes da rede p\u00fablica de ensino. No primeiro semestre de 2021, o Programa Arte e Educa\u00e7\u00e3o marcou presen\u00e7a virtualmente nas escolas E. M. The\u00f3philo [&hellip;]<\/p>\n","protected":false},"author":2,"featured_media":47706,"comment_status":"closed","ping_status":"open","sticky":false,"template":"","format":"standard","meta":{"_uag_custom_page_level_css":"","ghostkit_customizer_options":"","ghostkit_custom_css":"","ghostkit_custom_js_head":"","ghostkit_custom_js_foot":"","ghostkit_typography":"","footnotes":""},"categories":[52],"tags":[],"class_list":["post-47699","post","type-post","status-publish","format-standard","has-post-thumbnail","hentry","category-programa-pedagogico-social"],"uagb_featured_image_src":{"full":["https:\/\/asalaranjeiras.org.br\/site\/wp-content\/uploads\/2021\/10\/WhatsApp-Image-2021-10-24-at-16.45.15-1-1.jpeg",1278,808,false],"thumbnail":["https:\/\/asalaranjeiras.org.br\/site\/wp-content\/uploads\/2021\/10\/WhatsApp-Image-2021-10-24-at-16.45.15-1-1-150x95.jpeg",150,95,true],"medium":["https:\/\/asalaranjeiras.org.br\/site\/wp-content\/uploads\/2021\/10\/WhatsApp-Image-2021-10-24-at-16.45.15-1-1-300x190.jpeg",300,190,true],"medium_large":["https:\/\/asalaranjeiras.org.br\/site\/wp-content\/uploads\/2021\/10\/WhatsApp-Image-2021-10-24-at-16.45.15-1-1-768x486.jpeg",768,486,true],"large":["https:\/\/asalaranjeiras.org.br\/site\/wp-content\/uploads\/2021\/10\/WhatsApp-Image-2021-10-24-at-16.45.15-1-1-1024x647.jpeg",1024,647,true],"1536x1536":["https:\/\/asalaranjeiras.org.br\/site\/wp-content\/uploads\/2021\/10\/WhatsApp-Image-2021-10-24-at-16.45.15-1-1.jpeg",1278,808,false],"2048x2048":["https:\/\/asalaranjeiras.org.br\/site\/wp-content\/uploads\/2021\/10\/WhatsApp-Image-2021-10-24-at-16.45.15-1-1.jpeg",1278,808,false],"awb_sm":["https:\/\/asalaranjeiras.org.br\/site\/wp-content\/uploads\/2021\/10\/WhatsApp-Image-2021-10-24-at-16.45.15-1-1-500x316.jpeg",500,316,true],"awb_md":["https:\/\/asalaranjeiras.org.br\/site\/wp-content\/uploads\/2021\/10\/WhatsApp-Image-2021-10-24-at-16.45.15-1-1-800x506.jpeg",800,506,true],"awb_lg":["https:\/\/asalaranjeiras.org.br\/site\/wp-content\/uploads\/2021\/10\/WhatsApp-Image-2021-10-24-at-16.45.15-1-1.jpeg",1278,808,false],"awb_xl":["https:\/\/asalaranjeiras.org.br\/site\/wp-content\/uploads\/2021\/10\/WhatsApp-Image-2021-10-24-at-16.45.15-1-1.jpeg",1278,808,false],"smr-thumb":["https:\/\/asalaranjeiras.org.br\/site\/wp-content\/uploads\/2021\/10\/WhatsApp-Image-2021-10-24-at-16.45.15-1-1-805x452.jpeg",805,452,true],"smr-thumb-full":["https:\/\/asalaranjeiras.org.br\/site\/wp-content\/uploads\/2021\/10\/WhatsApp-Image-2021-10-24-at-16.45.15-1-1-1090x613.jpeg",1090,613,true]},"uagb_author_info":{"display_name":"Associa\u00e7\u00e3o Cairu\u00e7u","author_link":"https:\/\/asalaranjeiras.org.br\/site\/author\/cairucu\/"},"uagb_comment_info":0,"uagb_excerpt":"Para contribuir com um ensino de qualidade e afetividade no territ\u00f3rio, a parceria da Associa\u00e7\u00e3o Cairu\u00e7u com a Secretaria de Educa\u00e7\u00e3o de Paraty levou projetos de arte e letramento para os estudantes da rede p\u00fablica de ensino. No primeiro semestre de 2021, o Programa Arte e Educa\u00e7\u00e3o marcou presen\u00e7a virtualmente nas escolas E. M. The\u00f3philo&hellip;","_links":{"self":[{"href":"https:\/\/asalaranjeiras.org.br\/site\/wp-json\/wp\/v2\/posts\/47699","targetHints":{"allow":["GET"]}}],"collection":[{"href":"https:\/\/asalaranjeiras.org.br\/site\/wp-json\/wp\/v2\/posts"}],"about":[{"href":"https:\/\/asalaranjeiras.org.br\/site\/wp-json\/wp\/v2\/types\/post"}],"author":[{"embeddable":true,"href":"https:\/\/asalaranjeiras.org.br\/site\/wp-json\/wp\/v2\/users\/2"}],"replies":[{"embeddable":true,"href":"https:\/\/asalaranjeiras.org.br\/site\/wp-json\/wp\/v2\/comments?post=47699"}],"version-history":[{"count":1,"href":"https:\/\/asalaranjeiras.org.br\/site\/wp-json\/wp\/v2\/posts\/47699\/revisions"}],"predecessor-version":[{"id":47707,"href":"https:\/\/asalaranjeiras.org.br\/site\/wp-json\/wp\/v2\/posts\/47699\/revisions\/47707"}],"wp:featuredmedia":[{"embeddable":true,"href":"https:\/\/asalaranjeiras.org.br\/site\/wp-json\/wp\/v2\/media\/47706"}],"wp:attachment":[{"href":"https:\/\/asalaranjeiras.org.br\/site\/wp-json\/wp\/v2\/media?parent=47699"}],"wp:term":[{"taxonomy":"category","embeddable":true,"href":"https:\/\/asalaranjeiras.org.br\/site\/wp-json\/wp\/v2\/categories?post=47699"},{"taxonomy":"post_tag","embeddable":true,"href":"https:\/\/asalaranjeiras.org.br\/site\/wp-json\/wp\/v2\/tags?post=47699"}],"curies":[{"name":"wp","href":"https:\/\/api.w.org\/{rel}","templated":true}]}}