{"id":48036,"date":"2022-02-08T20:32:16","date_gmt":"2022-02-08T20:32:16","guid":{"rendered":"https:\/\/asalaranjeiras.org.br\/site\/?p=48036"},"modified":"2023-08-21T11:50:53","modified_gmt":"2023-08-21T11:50:53","slug":"musica-e-poesia-no-programa-arte-e-educacao","status":"publish","type":"post","link":"https:\/\/asalaranjeiras.org.br\/site\/musica-e-poesia-no-programa-arte-e-educacao\/","title":{"rendered":"Musica e Poesia no Programa Arte e Educa\u00e7\u00e3o"},"content":{"rendered":"\n<p>Conjunto Musical Cairu\u00e7u emociona o p\u00fablico no CEIC Patrim\u00f4nio<\/p>\n\n\n\n<p>O encerramento do ano letivo 2021 contou com momentos comoventes como pedem os anos mais desafiadores. No dia 27 de novembro, o conjunto Musical Cairu\u00e7u reuniu pais, alunos e convidados no Centro de Educa\u00e7\u00e3o Integral Cairu\u00e7u, no Patrim\u00f4nio, para celebrar as conquistas da educadora Elis Carla e de seus alunos do Projeto Musicaliza\u00e7\u00e3o, que integra o Programa Arte e Educa\u00e7\u00e3o.<\/p>\n\n\n\n<p>Ap\u00f3s um longo per\u00edodo de aulas individuais remotas, os ensaios coletivos do Conjunto Musical foram retomados em junho de 2021 e durante esse per\u00edodo, a hist\u00f3ria de supera\u00e7\u00e3o da professora e do grupo contou com a criatividade de solu\u00e7\u00f5es como o &#8220;delivery musical&#8221;, que entregava na casa das crian\u00e7as e jovens partituras e instrumentos para que pudessem dar&nbsp;continuidade aos estudos. As visitas da professora foram aulas de motiva\u00e7\u00e3o e esperan\u00e7a.<\/p>\n\n\n\n<p>No retorno aos palcos, o espet\u00e1culo \u201cHerdeiros do Futuro\u201d foi uma demonstra\u00e7\u00e3o do que o amor&nbsp;\u00e0 m\u00fasica \u00e9 capaz: a performance dos alunos foi impec\u00e1vel. O talento da garotada impressionou pela qualidade dos&nbsp;solos e pelo resultado do conjunto, al\u00e9m da versatilidade, pois a maioria dos musicistas tocou v\u00e1rios instrumentos. Tocante tamb\u00e9m foi a participa\u00e7\u00e3o especial da monitora do CEIC Patrim\u00f4nio, Ana Paula&nbsp;Shueng, que afinad\u00edssima cantou uma m\u00fasica com as crian\u00e7as.&nbsp;<\/p>\n\n\n\n<p>A poesia marcou presen\u00e7a com o lan\u00e7amento do segundo volume da Colet\u00e2nea do Encantamento, desenvolvida pelas crian\u00e7as e jovens atrav\u00e9s do Projeto Letramento. O p\u00fablico foi agraciado com a leitura dos poemas por seus autores, que fazem parte do conjunto musical. Versos como &#8220;o que n\u00e3o acaba, passa e morre? Os sonhos!&#8230; \u00e9 nisso que as pessoas deveriam acreditar&#8221; nos deixaram a certeza de que nosso trabalho, al\u00e9m de despertar talentos, incentiva reflex\u00f5es e uma atitude positiva com a vida. Fazendo arte aprendemos que \u00e9 poss\u00edvel criar um mundo melhor.&nbsp;<br><br>No encerramento houve ainda mais uma surpresa: as m\u00e3es agradeceram a dedica\u00e7\u00e3o da professora de m\u00fasica cantando&nbsp;&#8220;Como \u00e9 grande o meu amor por voc\u00ea&#8221;. Uma singela homenagem que comoveu a todos.&nbsp;<br><br>Como disse Telma Toledo, Diretora Executiva da Associa\u00e7\u00e3o Cairu\u00e7u, na abertura do evento, a participa\u00e7\u00e3o das fam\u00edlias \u00e9 o que garante o resultado desse trabalho. Essa parceria \u00e9 fundamental para que os alunos consigam desfrutar das atividades. Registramos aqui nosso agradecimento aos pais e respons\u00e1veis que se fazem presentes na vida de suas crian\u00e7as com amor e apoio incondicional. Que a Cairu\u00e7u continue assim: uma grande fam\u00edlia<\/p>\n\n\n\n<p>Confira os registros desse momento especial!<\/p>\n\n\n\n<figure class=\"wp-block-gallery columns-3 is-cropped wp-block-gallery-1 is-layout-flex wp-block-gallery-is-layout-flex\"><ul class=\"blocks-gallery-grid\"><li class=\"blocks-gallery-item\"><figure><img loading=\"lazy\" decoding=\"async\" width=\"1024\" height=\"682\" src=\"https:\/\/asalaranjeiras.org.br\/site\/wp-content\/uploads\/2022\/02\/WhatsApp-Image-2022-02-08-at-11.31.21-3-1024x682.jpeg\" alt=\"\" data-id=\"48054\" data-full-url=\"https:\/\/asalaranjeiras.org.br\/site\/wp-content\/uploads\/2022\/02\/WhatsApp-Image-2022-02-08-at-11.31.21-3.jpeg\" data-link=\"https:\/\/asalaranjeiras.org.br\/site\/?attachment_id=48054\" class=\"wp-image-48054\" srcset=\"https:\/\/asalaranjeiras.org.br\/site\/wp-content\/uploads\/2022\/02\/WhatsApp-Image-2022-02-08-at-11.31.21-3-1024x682.jpeg 1024w, https:\/\/asalaranjeiras.org.br\/site\/wp-content\/uploads\/2022\/02\/WhatsApp-Image-2022-02-08-at-11.31.21-3-300x200.jpeg 300w, https:\/\/asalaranjeiras.org.br\/site\/wp-content\/uploads\/2022\/02\/WhatsApp-Image-2022-02-08-at-11.31.21-3-150x100.jpeg 150w, https:\/\/asalaranjeiras.org.br\/site\/wp-content\/uploads\/2022\/02\/WhatsApp-Image-2022-02-08-at-11.31.21-3-768x512.jpeg 768w, https:\/\/asalaranjeiras.org.br\/site\/wp-content\/uploads\/2022\/02\/WhatsApp-Image-2022-02-08-at-11.31.21-3-500x333.jpeg 500w, https:\/\/asalaranjeiras.org.br\/site\/wp-content\/uploads\/2022\/02\/WhatsApp-Image-2022-02-08-at-11.31.21-3-800x533.jpeg 800w, https:\/\/asalaranjeiras.org.br\/site\/wp-content\/uploads\/2022\/02\/WhatsApp-Image-2022-02-08-at-11.31.21-3-600x400.jpeg 600w, https:\/\/asalaranjeiras.org.br\/site\/wp-content\/uploads\/2022\/02\/WhatsApp-Image-2022-02-08-at-11.31.21-3.jpeg 1280w\" sizes=\"auto, (max-width: 1024px) 100vw, 1024px\" \/><\/figure><\/li><li class=\"blocks-gallery-item\"><figure><img loading=\"lazy\" decoding=\"async\" width=\"1024\" height=\"682\" src=\"https:\/\/asalaranjeiras.org.br\/site\/wp-content\/uploads\/2022\/02\/WhatsApp-Image-2022-02-08-at-11.31.21-2-1-1024x682.jpeg\" alt=\"\" data-id=\"48053\" data-full-url=\"https:\/\/asalaranjeiras.org.br\/site\/wp-content\/uploads\/2022\/02\/WhatsApp-Image-2022-02-08-at-11.31.21-2-1.jpeg\" data-link=\"https:\/\/asalaranjeiras.org.br\/site\/?attachment_id=48053\" class=\"wp-image-48053\" srcset=\"https:\/\/asalaranjeiras.org.br\/site\/wp-content\/uploads\/2022\/02\/WhatsApp-Image-2022-02-08-at-11.31.21-2-1-1024x682.jpeg 1024w, https:\/\/asalaranjeiras.org.br\/site\/wp-content\/uploads\/2022\/02\/WhatsApp-Image-2022-02-08-at-11.31.21-2-1-300x200.jpeg 300w, https:\/\/asalaranjeiras.org.br\/site\/wp-content\/uploads\/2022\/02\/WhatsApp-Image-2022-02-08-at-11.31.21-2-1-150x100.jpeg 150w, https:\/\/asalaranjeiras.org.br\/site\/wp-content\/uploads\/2022\/02\/WhatsApp-Image-2022-02-08-at-11.31.21-2-1-768x512.jpeg 768w, https:\/\/asalaranjeiras.org.br\/site\/wp-content\/uploads\/2022\/02\/WhatsApp-Image-2022-02-08-at-11.31.21-2-1-500x333.jpeg 500w, https:\/\/asalaranjeiras.org.br\/site\/wp-content\/uploads\/2022\/02\/WhatsApp-Image-2022-02-08-at-11.31.21-2-1-800x533.jpeg 800w, https:\/\/asalaranjeiras.org.br\/site\/wp-content\/uploads\/2022\/02\/WhatsApp-Image-2022-02-08-at-11.31.21-2-1-600x400.jpeg 600w, https:\/\/asalaranjeiras.org.br\/site\/wp-content\/uploads\/2022\/02\/WhatsApp-Image-2022-02-08-at-11.31.21-2-1.jpeg 1280w\" sizes=\"auto, (max-width: 1024px) 100vw, 1024px\" \/><\/figure><\/li><li class=\"blocks-gallery-item\"><figure><img loading=\"lazy\" decoding=\"async\" width=\"1024\" height=\"682\" src=\"https:\/\/asalaranjeiras.org.br\/site\/wp-content\/uploads\/2022\/02\/WhatsApp-Image-2022-02-08-at-11.31.21-1-1-1024x682.jpeg\" alt=\"\" data-id=\"48052\" data-full-url=\"https:\/\/asalaranjeiras.org.br\/site\/wp-content\/uploads\/2022\/02\/WhatsApp-Image-2022-02-08-at-11.31.21-1-1.jpeg\" data-link=\"https:\/\/asalaranjeiras.org.br\/site\/?attachment_id=48052\" class=\"wp-image-48052\" srcset=\"https:\/\/asalaranjeiras.org.br\/site\/wp-content\/uploads\/2022\/02\/WhatsApp-Image-2022-02-08-at-11.31.21-1-1-1024x682.jpeg 1024w, https:\/\/asalaranjeiras.org.br\/site\/wp-content\/uploads\/2022\/02\/WhatsApp-Image-2022-02-08-at-11.31.21-1-1-300x200.jpeg 300w, https:\/\/asalaranjeiras.org.br\/site\/wp-content\/uploads\/2022\/02\/WhatsApp-Image-2022-02-08-at-11.31.21-1-1-150x100.jpeg 150w, https:\/\/asalaranjeiras.org.br\/site\/wp-content\/uploads\/2022\/02\/WhatsApp-Image-2022-02-08-at-11.31.21-1-1-768x512.jpeg 768w, https:\/\/asalaranjeiras.org.br\/site\/wp-content\/uploads\/2022\/02\/WhatsApp-Image-2022-02-08-at-11.31.21-1-1-500x333.jpeg 500w, https:\/\/asalaranjeiras.org.br\/site\/wp-content\/uploads\/2022\/02\/WhatsApp-Image-2022-02-08-at-11.31.21-1-1-800x533.jpeg 800w, https:\/\/asalaranjeiras.org.br\/site\/wp-content\/uploads\/2022\/02\/WhatsApp-Image-2022-02-08-at-11.31.21-1-1-600x400.jpeg 600w, https:\/\/asalaranjeiras.org.br\/site\/wp-content\/uploads\/2022\/02\/WhatsApp-Image-2022-02-08-at-11.31.21-1-1.jpeg 1280w\" sizes=\"auto, (max-width: 1024px) 100vw, 1024px\" \/><\/figure><\/li><li class=\"blocks-gallery-item\"><figure><img loading=\"lazy\" decoding=\"async\" width=\"1024\" height=\"682\" src=\"https:\/\/asalaranjeiras.org.br\/site\/wp-content\/uploads\/2022\/02\/WhatsApp-Image-2022-02-08-at-11.31.22-1-1-1024x682.jpeg\" alt=\"\" data-id=\"48055\" data-full-url=\"https:\/\/asalaranjeiras.org.br\/site\/wp-content\/uploads\/2022\/02\/WhatsApp-Image-2022-02-08-at-11.31.22-1-1.jpeg\" data-link=\"https:\/\/asalaranjeiras.org.br\/site\/?attachment_id=48055\" class=\"wp-image-48055\" srcset=\"https:\/\/asalaranjeiras.org.br\/site\/wp-content\/uploads\/2022\/02\/WhatsApp-Image-2022-02-08-at-11.31.22-1-1-1024x682.jpeg 1024w, https:\/\/asalaranjeiras.org.br\/site\/wp-content\/uploads\/2022\/02\/WhatsApp-Image-2022-02-08-at-11.31.22-1-1-300x200.jpeg 300w, https:\/\/asalaranjeiras.org.br\/site\/wp-content\/uploads\/2022\/02\/WhatsApp-Image-2022-02-08-at-11.31.22-1-1-150x100.jpeg 150w, https:\/\/asalaranjeiras.org.br\/site\/wp-content\/uploads\/2022\/02\/WhatsApp-Image-2022-02-08-at-11.31.22-1-1-768x512.jpeg 768w, https:\/\/asalaranjeiras.org.br\/site\/wp-content\/uploads\/2022\/02\/WhatsApp-Image-2022-02-08-at-11.31.22-1-1-500x333.jpeg 500w, https:\/\/asalaranjeiras.org.br\/site\/wp-content\/uploads\/2022\/02\/WhatsApp-Image-2022-02-08-at-11.31.22-1-1-800x533.jpeg 800w, https:\/\/asalaranjeiras.org.br\/site\/wp-content\/uploads\/2022\/02\/WhatsApp-Image-2022-02-08-at-11.31.22-1-1-600x400.jpeg 600w, https:\/\/asalaranjeiras.org.br\/site\/wp-content\/uploads\/2022\/02\/WhatsApp-Image-2022-02-08-at-11.31.22-1-1.jpeg 1280w\" sizes=\"auto, (max-width: 1024px) 100vw, 1024px\" \/><\/figure><\/li><li class=\"blocks-gallery-item\"><figure><img loading=\"lazy\" decoding=\"async\" width=\"1024\" height=\"682\" src=\"https:\/\/asalaranjeiras.org.br\/site\/wp-content\/uploads\/2022\/02\/WhatsApp-Image-2022-02-08-at-11.31.22-2-1-1024x682.jpeg\" alt=\"\" data-id=\"48056\" data-full-url=\"https:\/\/asalaranjeiras.org.br\/site\/wp-content\/uploads\/2022\/02\/WhatsApp-Image-2022-02-08-at-11.31.22-2-1.jpeg\" data-link=\"https:\/\/asalaranjeiras.org.br\/site\/?attachment_id=48056\" class=\"wp-image-48056\" srcset=\"https:\/\/asalaranjeiras.org.br\/site\/wp-content\/uploads\/2022\/02\/WhatsApp-Image-2022-02-08-at-11.31.22-2-1-1024x682.jpeg 1024w, https:\/\/asalaranjeiras.org.br\/site\/wp-content\/uploads\/2022\/02\/WhatsApp-Image-2022-02-08-at-11.31.22-2-1-300x200.jpeg 300w, https:\/\/asalaranjeiras.org.br\/site\/wp-content\/uploads\/2022\/02\/WhatsApp-Image-2022-02-08-at-11.31.22-2-1-150x100.jpeg 150w, https:\/\/asalaranjeiras.org.br\/site\/wp-content\/uploads\/2022\/02\/WhatsApp-Image-2022-02-08-at-11.31.22-2-1-768x512.jpeg 768w, https:\/\/asalaranjeiras.org.br\/site\/wp-content\/uploads\/2022\/02\/WhatsApp-Image-2022-02-08-at-11.31.22-2-1-500x333.jpeg 500w, https:\/\/asalaranjeiras.org.br\/site\/wp-content\/uploads\/2022\/02\/WhatsApp-Image-2022-02-08-at-11.31.22-2-1-800x533.jpeg 800w, https:\/\/asalaranjeiras.org.br\/site\/wp-content\/uploads\/2022\/02\/WhatsApp-Image-2022-02-08-at-11.31.22-2-1-600x400.jpeg 600w, https:\/\/asalaranjeiras.org.br\/site\/wp-content\/uploads\/2022\/02\/WhatsApp-Image-2022-02-08-at-11.31.22-2-1.jpeg 1280w\" sizes=\"auto, (max-width: 1024px) 100vw, 1024px\" \/><\/figure><\/li><li class=\"blocks-gallery-item\"><figure><img loading=\"lazy\" decoding=\"async\" width=\"1024\" height=\"682\" src=\"https:\/\/asalaranjeiras.org.br\/site\/wp-content\/uploads\/2022\/02\/WhatsApp-Image-2022-02-08-at-11.31.22-3-1-1024x682.jpeg\" alt=\"\" data-id=\"48057\" data-full-url=\"https:\/\/asalaranjeiras.org.br\/site\/wp-content\/uploads\/2022\/02\/WhatsApp-Image-2022-02-08-at-11.31.22-3-1.jpeg\" data-link=\"https:\/\/asalaranjeiras.org.br\/site\/?attachment_id=48057\" class=\"wp-image-48057\" srcset=\"https:\/\/asalaranjeiras.org.br\/site\/wp-content\/uploads\/2022\/02\/WhatsApp-Image-2022-02-08-at-11.31.22-3-1-1024x682.jpeg 1024w, https:\/\/asalaranjeiras.org.br\/site\/wp-content\/uploads\/2022\/02\/WhatsApp-Image-2022-02-08-at-11.31.22-3-1-300x200.jpeg 300w, https:\/\/asalaranjeiras.org.br\/site\/wp-content\/uploads\/2022\/02\/WhatsApp-Image-2022-02-08-at-11.31.22-3-1-150x100.jpeg 150w, https:\/\/asalaranjeiras.org.br\/site\/wp-content\/uploads\/2022\/02\/WhatsApp-Image-2022-02-08-at-11.31.22-3-1-768x512.jpeg 768w, https:\/\/asalaranjeiras.org.br\/site\/wp-content\/uploads\/2022\/02\/WhatsApp-Image-2022-02-08-at-11.31.22-3-1-500x333.jpeg 500w, https:\/\/asalaranjeiras.org.br\/site\/wp-content\/uploads\/2022\/02\/WhatsApp-Image-2022-02-08-at-11.31.22-3-1-800x533.jpeg 800w, https:\/\/asalaranjeiras.org.br\/site\/wp-content\/uploads\/2022\/02\/WhatsApp-Image-2022-02-08-at-11.31.22-3-1-600x400.jpeg 600w, https:\/\/asalaranjeiras.org.br\/site\/wp-content\/uploads\/2022\/02\/WhatsApp-Image-2022-02-08-at-11.31.22-3-1.jpeg 1280w\" sizes=\"auto, (max-width: 1024px) 100vw, 1024px\" \/><\/figure><\/li><li class=\"blocks-gallery-item\"><figure><img loading=\"lazy\" decoding=\"async\" width=\"1024\" height=\"682\" src=\"https:\/\/asalaranjeiras.org.br\/site\/wp-content\/uploads\/2022\/02\/WhatsApp-Image-2022-02-08-at-11.31.22-4-1-1024x682.jpeg\" alt=\"\" data-id=\"48058\" data-full-url=\"https:\/\/asalaranjeiras.org.br\/site\/wp-content\/uploads\/2022\/02\/WhatsApp-Image-2022-02-08-at-11.31.22-4-1.jpeg\" data-link=\"https:\/\/asalaranjeiras.org.br\/site\/?attachment_id=48058\" class=\"wp-image-48058\" srcset=\"https:\/\/asalaranjeiras.org.br\/site\/wp-content\/uploads\/2022\/02\/WhatsApp-Image-2022-02-08-at-11.31.22-4-1-1024x682.jpeg 1024w, https:\/\/asalaranjeiras.org.br\/site\/wp-content\/uploads\/2022\/02\/WhatsApp-Image-2022-02-08-at-11.31.22-4-1-300x200.jpeg 300w, https:\/\/asalaranjeiras.org.br\/site\/wp-content\/uploads\/2022\/02\/WhatsApp-Image-2022-02-08-at-11.31.22-4-1-150x100.jpeg 150w, https:\/\/asalaranjeiras.org.br\/site\/wp-content\/uploads\/2022\/02\/WhatsApp-Image-2022-02-08-at-11.31.22-4-1-768x512.jpeg 768w, https:\/\/asalaranjeiras.org.br\/site\/wp-content\/uploads\/2022\/02\/WhatsApp-Image-2022-02-08-at-11.31.22-4-1-500x333.jpeg 500w, https:\/\/asalaranjeiras.org.br\/site\/wp-content\/uploads\/2022\/02\/WhatsApp-Image-2022-02-08-at-11.31.22-4-1-800x533.jpeg 800w, https:\/\/asalaranjeiras.org.br\/site\/wp-content\/uploads\/2022\/02\/WhatsApp-Image-2022-02-08-at-11.31.22-4-1-600x400.jpeg 600w, https:\/\/asalaranjeiras.org.br\/site\/wp-content\/uploads\/2022\/02\/WhatsApp-Image-2022-02-08-at-11.31.22-4-1.jpeg 1280w\" sizes=\"auto, (max-width: 1024px) 100vw, 1024px\" \/><\/figure><\/li><li class=\"blocks-gallery-item\"><figure><img loading=\"lazy\" decoding=\"async\" width=\"1024\" height=\"682\" src=\"https:\/\/asalaranjeiras.org.br\/site\/wp-content\/uploads\/2022\/02\/WhatsApp-Image-2022-02-08-at-11.31.22-5-1024x682.jpeg\" alt=\"\" data-id=\"48059\" data-full-url=\"https:\/\/asalaranjeiras.org.br\/site\/wp-content\/uploads\/2022\/02\/WhatsApp-Image-2022-02-08-at-11.31.22-5.jpeg\" data-link=\"https:\/\/asalaranjeiras.org.br\/site\/?attachment_id=48059\" class=\"wp-image-48059\" srcset=\"https:\/\/asalaranjeiras.org.br\/site\/wp-content\/uploads\/2022\/02\/WhatsApp-Image-2022-02-08-at-11.31.22-5-1024x682.jpeg 1024w, https:\/\/asalaranjeiras.org.br\/site\/wp-content\/uploads\/2022\/02\/WhatsApp-Image-2022-02-08-at-11.31.22-5-300x200.jpeg 300w, https:\/\/asalaranjeiras.org.br\/site\/wp-content\/uploads\/2022\/02\/WhatsApp-Image-2022-02-08-at-11.31.22-5-150x100.jpeg 150w, https:\/\/asalaranjeiras.org.br\/site\/wp-content\/uploads\/2022\/02\/WhatsApp-Image-2022-02-08-at-11.31.22-5-768x512.jpeg 768w, https:\/\/asalaranjeiras.org.br\/site\/wp-content\/uploads\/2022\/02\/WhatsApp-Image-2022-02-08-at-11.31.22-5-500x333.jpeg 500w, https:\/\/asalaranjeiras.org.br\/site\/wp-content\/uploads\/2022\/02\/WhatsApp-Image-2022-02-08-at-11.31.22-5-800x533.jpeg 800w, https:\/\/asalaranjeiras.org.br\/site\/wp-content\/uploads\/2022\/02\/WhatsApp-Image-2022-02-08-at-11.31.22-5-600x400.jpeg 600w, https:\/\/asalaranjeiras.org.br\/site\/wp-content\/uploads\/2022\/02\/WhatsApp-Image-2022-02-08-at-11.31.22-5.jpeg 1280w\" sizes=\"auto, (max-width: 1024px) 100vw, 1024px\" \/><\/figure><\/li><li class=\"blocks-gallery-item\"><figure><img loading=\"lazy\" decoding=\"async\" width=\"1024\" height=\"682\" src=\"https:\/\/asalaranjeiras.org.br\/site\/wp-content\/uploads\/2022\/02\/WhatsApp-Image-2022-02-08-at-11.31.23-1-1-1024x682.jpeg\" alt=\"\" data-id=\"48060\" data-full-url=\"https:\/\/asalaranjeiras.org.br\/site\/wp-content\/uploads\/2022\/02\/WhatsApp-Image-2022-02-08-at-11.31.23-1-1.jpeg\" data-link=\"https:\/\/asalaranjeiras.org.br\/site\/?attachment_id=48060\" class=\"wp-image-48060\" srcset=\"https:\/\/asalaranjeiras.org.br\/site\/wp-content\/uploads\/2022\/02\/WhatsApp-Image-2022-02-08-at-11.31.23-1-1-1024x682.jpeg 1024w, https:\/\/asalaranjeiras.org.br\/site\/wp-content\/uploads\/2022\/02\/WhatsApp-Image-2022-02-08-at-11.31.23-1-1-300x200.jpeg 300w, https:\/\/asalaranjeiras.org.br\/site\/wp-content\/uploads\/2022\/02\/WhatsApp-Image-2022-02-08-at-11.31.23-1-1-150x100.jpeg 150w, https:\/\/asalaranjeiras.org.br\/site\/wp-content\/uploads\/2022\/02\/WhatsApp-Image-2022-02-08-at-11.31.23-1-1-768x512.jpeg 768w, https:\/\/asalaranjeiras.org.br\/site\/wp-content\/uploads\/2022\/02\/WhatsApp-Image-2022-02-08-at-11.31.23-1-1-500x333.jpeg 500w, https:\/\/asalaranjeiras.org.br\/site\/wp-content\/uploads\/2022\/02\/WhatsApp-Image-2022-02-08-at-11.31.23-1-1-800x533.jpeg 800w, https:\/\/asalaranjeiras.org.br\/site\/wp-content\/uploads\/2022\/02\/WhatsApp-Image-2022-02-08-at-11.31.23-1-1-600x400.jpeg 600w, https:\/\/asalaranjeiras.org.br\/site\/wp-content\/uploads\/2022\/02\/WhatsApp-Image-2022-02-08-at-11.31.23-1-1.jpeg 1280w\" sizes=\"auto, (max-width: 1024px) 100vw, 1024px\" \/><\/figure><\/li><li class=\"blocks-gallery-item\"><figure><img loading=\"lazy\" decoding=\"async\" width=\"1024\" height=\"682\" src=\"https:\/\/asalaranjeiras.org.br\/site\/wp-content\/uploads\/2022\/02\/WhatsApp-Image-2022-02-08-at-11.31.23-2-1-1024x682.jpeg\" alt=\"\" data-id=\"48061\" data-full-url=\"https:\/\/asalaranjeiras.org.br\/site\/wp-content\/uploads\/2022\/02\/WhatsApp-Image-2022-02-08-at-11.31.23-2-1.jpeg\" data-link=\"https:\/\/asalaranjeiras.org.br\/site\/?attachment_id=48061\" class=\"wp-image-48061\" srcset=\"https:\/\/asalaranjeiras.org.br\/site\/wp-content\/uploads\/2022\/02\/WhatsApp-Image-2022-02-08-at-11.31.23-2-1-1024x682.jpeg 1024w, https:\/\/asalaranjeiras.org.br\/site\/wp-content\/uploads\/2022\/02\/WhatsApp-Image-2022-02-08-at-11.31.23-2-1-300x200.jpeg 300w, https:\/\/asalaranjeiras.org.br\/site\/wp-content\/uploads\/2022\/02\/WhatsApp-Image-2022-02-08-at-11.31.23-2-1-150x100.jpeg 150w, https:\/\/asalaranjeiras.org.br\/site\/wp-content\/uploads\/2022\/02\/WhatsApp-Image-2022-02-08-at-11.31.23-2-1-768x512.jpeg 768w, https:\/\/asalaranjeiras.org.br\/site\/wp-content\/uploads\/2022\/02\/WhatsApp-Image-2022-02-08-at-11.31.23-2-1-500x333.jpeg 500w, https:\/\/asalaranjeiras.org.br\/site\/wp-content\/uploads\/2022\/02\/WhatsApp-Image-2022-02-08-at-11.31.23-2-1-800x533.jpeg 800w, https:\/\/asalaranjeiras.org.br\/site\/wp-content\/uploads\/2022\/02\/WhatsApp-Image-2022-02-08-at-11.31.23-2-1-600x400.jpeg 600w, https:\/\/asalaranjeiras.org.br\/site\/wp-content\/uploads\/2022\/02\/WhatsApp-Image-2022-02-08-at-11.31.23-2-1.jpeg 1280w\" sizes=\"auto, (max-width: 1024px) 100vw, 1024px\" \/><\/figure><\/li><li class=\"blocks-gallery-item\"><figure><img loading=\"lazy\" decoding=\"async\" width=\"1024\" height=\"682\" src=\"https:\/\/asalaranjeiras.org.br\/site\/wp-content\/uploads\/2022\/02\/WhatsApp-Image-2022-02-08-at-11.31.23-3-1-1024x682.jpeg\" alt=\"\" data-id=\"48062\" data-full-url=\"https:\/\/asalaranjeiras.org.br\/site\/wp-content\/uploads\/2022\/02\/WhatsApp-Image-2022-02-08-at-11.31.23-3-1.jpeg\" data-link=\"https:\/\/asalaranjeiras.org.br\/site\/?attachment_id=48062\" class=\"wp-image-48062\" srcset=\"https:\/\/asalaranjeiras.org.br\/site\/wp-content\/uploads\/2022\/02\/WhatsApp-Image-2022-02-08-at-11.31.23-3-1-1024x682.jpeg 1024w, https:\/\/asalaranjeiras.org.br\/site\/wp-content\/uploads\/2022\/02\/WhatsApp-Image-2022-02-08-at-11.31.23-3-1-300x200.jpeg 300w, https:\/\/asalaranjeiras.org.br\/site\/wp-content\/uploads\/2022\/02\/WhatsApp-Image-2022-02-08-at-11.31.23-3-1-150x100.jpeg 150w, https:\/\/asalaranjeiras.org.br\/site\/wp-content\/uploads\/2022\/02\/WhatsApp-Image-2022-02-08-at-11.31.23-3-1-768x512.jpeg 768w, https:\/\/asalaranjeiras.org.br\/site\/wp-content\/uploads\/2022\/02\/WhatsApp-Image-2022-02-08-at-11.31.23-3-1-500x333.jpeg 500w, https:\/\/asalaranjeiras.org.br\/site\/wp-content\/uploads\/2022\/02\/WhatsApp-Image-2022-02-08-at-11.31.23-3-1-800x533.jpeg 800w, https:\/\/asalaranjeiras.org.br\/site\/wp-content\/uploads\/2022\/02\/WhatsApp-Image-2022-02-08-at-11.31.23-3-1-600x400.jpeg 600w, https:\/\/asalaranjeiras.org.br\/site\/wp-content\/uploads\/2022\/02\/WhatsApp-Image-2022-02-08-at-11.31.23-3-1.jpeg 1280w\" sizes=\"auto, (max-width: 1024px) 100vw, 1024px\" \/><\/figure><\/li><li class=\"blocks-gallery-item\"><figure><img loading=\"lazy\" decoding=\"async\" width=\"1024\" height=\"682\" src=\"https:\/\/asalaranjeiras.org.br\/site\/wp-content\/uploads\/2022\/02\/WhatsApp-Image-2022-02-08-at-11.31.23-4-1-1024x682.jpeg\" alt=\"\" data-id=\"48063\" data-full-url=\"https:\/\/asalaranjeiras.org.br\/site\/wp-content\/uploads\/2022\/02\/WhatsApp-Image-2022-02-08-at-11.31.23-4-1.jpeg\" data-link=\"https:\/\/asalaranjeiras.org.br\/site\/?attachment_id=48063\" class=\"wp-image-48063\" srcset=\"https:\/\/asalaranjeiras.org.br\/site\/wp-content\/uploads\/2022\/02\/WhatsApp-Image-2022-02-08-at-11.31.23-4-1-1024x682.jpeg 1024w, https:\/\/asalaranjeiras.org.br\/site\/wp-content\/uploads\/2022\/02\/WhatsApp-Image-2022-02-08-at-11.31.23-4-1-300x200.jpeg 300w, https:\/\/asalaranjeiras.org.br\/site\/wp-content\/uploads\/2022\/02\/WhatsApp-Image-2022-02-08-at-11.31.23-4-1-150x100.jpeg 150w, https:\/\/asalaranjeiras.org.br\/site\/wp-content\/uploads\/2022\/02\/WhatsApp-Image-2022-02-08-at-11.31.23-4-1-768x512.jpeg 768w, https:\/\/asalaranjeiras.org.br\/site\/wp-content\/uploads\/2022\/02\/WhatsApp-Image-2022-02-08-at-11.31.23-4-1-500x333.jpeg 500w, https:\/\/asalaranjeiras.org.br\/site\/wp-content\/uploads\/2022\/02\/WhatsApp-Image-2022-02-08-at-11.31.23-4-1-800x533.jpeg 800w, https:\/\/asalaranjeiras.org.br\/site\/wp-content\/uploads\/2022\/02\/WhatsApp-Image-2022-02-08-at-11.31.23-4-1-600x400.jpeg 600w, https:\/\/asalaranjeiras.org.br\/site\/wp-content\/uploads\/2022\/02\/WhatsApp-Image-2022-02-08-at-11.31.23-4-1.jpeg 1280w\" sizes=\"auto, (max-width: 1024px) 100vw, 1024px\" \/><\/figure><\/li><li class=\"blocks-gallery-item\"><figure><img loading=\"lazy\" decoding=\"async\" width=\"1024\" height=\"682\" src=\"https:\/\/asalaranjeiras.org.br\/site\/wp-content\/uploads\/2022\/02\/WhatsApp-Image-2022-02-08-at-11.31.23-5-1024x682.jpeg\" alt=\"\" data-id=\"48064\" data-full-url=\"https:\/\/asalaranjeiras.org.br\/site\/wp-content\/uploads\/2022\/02\/WhatsApp-Image-2022-02-08-at-11.31.23-5.jpeg\" data-link=\"https:\/\/asalaranjeiras.org.br\/site\/?attachment_id=48064\" class=\"wp-image-48064\" srcset=\"https:\/\/asalaranjeiras.org.br\/site\/wp-content\/uploads\/2022\/02\/WhatsApp-Image-2022-02-08-at-11.31.23-5-1024x682.jpeg 1024w, https:\/\/asalaranjeiras.org.br\/site\/wp-content\/uploads\/2022\/02\/WhatsApp-Image-2022-02-08-at-11.31.23-5-300x200.jpeg 300w, https:\/\/asalaranjeiras.org.br\/site\/wp-content\/uploads\/2022\/02\/WhatsApp-Image-2022-02-08-at-11.31.23-5-150x100.jpeg 150w, https:\/\/asalaranjeiras.org.br\/site\/wp-content\/uploads\/2022\/02\/WhatsApp-Image-2022-02-08-at-11.31.23-5-768x512.jpeg 768w, https:\/\/asalaranjeiras.org.br\/site\/wp-content\/uploads\/2022\/02\/WhatsApp-Image-2022-02-08-at-11.31.23-5-500x333.jpeg 500w, https:\/\/asalaranjeiras.org.br\/site\/wp-content\/uploads\/2022\/02\/WhatsApp-Image-2022-02-08-at-11.31.23-5-800x533.jpeg 800w, https:\/\/asalaranjeiras.org.br\/site\/wp-content\/uploads\/2022\/02\/WhatsApp-Image-2022-02-08-at-11.31.23-5-600x400.jpeg 600w, https:\/\/asalaranjeiras.org.br\/site\/wp-content\/uploads\/2022\/02\/WhatsApp-Image-2022-02-08-at-11.31.23-5.jpeg 1280w\" sizes=\"auto, (max-width: 1024px) 100vw, 1024px\" \/><\/figure><\/li><li class=\"blocks-gallery-item\"><figure><img loading=\"lazy\" decoding=\"async\" width=\"1024\" height=\"682\" src=\"https:\/\/asalaranjeiras.org.br\/site\/wp-content\/uploads\/2022\/02\/WhatsApp-Image-2022-02-08-at-11.31.24-1-1-1024x682.jpeg\" alt=\"\" data-id=\"48065\" data-full-url=\"https:\/\/asalaranjeiras.org.br\/site\/wp-content\/uploads\/2022\/02\/WhatsApp-Image-2022-02-08-at-11.31.24-1-1.jpeg\" data-link=\"https:\/\/asalaranjeiras.org.br\/site\/?attachment_id=48065\" class=\"wp-image-48065\" srcset=\"https:\/\/asalaranjeiras.org.br\/site\/wp-content\/uploads\/2022\/02\/WhatsApp-Image-2022-02-08-at-11.31.24-1-1-1024x682.jpeg 1024w, https:\/\/asalaranjeiras.org.br\/site\/wp-content\/uploads\/2022\/02\/WhatsApp-Image-2022-02-08-at-11.31.24-1-1-300x200.jpeg 300w, https:\/\/asalaranjeiras.org.br\/site\/wp-content\/uploads\/2022\/02\/WhatsApp-Image-2022-02-08-at-11.31.24-1-1-150x100.jpeg 150w, https:\/\/asalaranjeiras.org.br\/site\/wp-content\/uploads\/2022\/02\/WhatsApp-Image-2022-02-08-at-11.31.24-1-1-768x512.jpeg 768w, https:\/\/asalaranjeiras.org.br\/site\/wp-content\/uploads\/2022\/02\/WhatsApp-Image-2022-02-08-at-11.31.24-1-1-500x333.jpeg 500w, https:\/\/asalaranjeiras.org.br\/site\/wp-content\/uploads\/2022\/02\/WhatsApp-Image-2022-02-08-at-11.31.24-1-1-800x533.jpeg 800w, https:\/\/asalaranjeiras.org.br\/site\/wp-content\/uploads\/2022\/02\/WhatsApp-Image-2022-02-08-at-11.31.24-1-1-600x400.jpeg 600w, https:\/\/asalaranjeiras.org.br\/site\/wp-content\/uploads\/2022\/02\/WhatsApp-Image-2022-02-08-at-11.31.24-1-1.jpeg 1280w\" sizes=\"auto, (max-width: 1024px) 100vw, 1024px\" \/><\/figure><\/li><li class=\"blocks-gallery-item\"><figure><img loading=\"lazy\" decoding=\"async\" width=\"1024\" height=\"682\" src=\"https:\/\/asalaranjeiras.org.br\/site\/wp-content\/uploads\/2022\/02\/WhatsApp-Image-2022-02-08-at-11.31.24-2-1024x682.jpeg\" alt=\"\" data-id=\"48066\" data-full-url=\"https:\/\/asalaranjeiras.org.br\/site\/wp-content\/uploads\/2022\/02\/WhatsApp-Image-2022-02-08-at-11.31.24-2.jpeg\" data-link=\"https:\/\/asalaranjeiras.org.br\/site\/?attachment_id=48066\" class=\"wp-image-48066\" srcset=\"https:\/\/asalaranjeiras.org.br\/site\/wp-content\/uploads\/2022\/02\/WhatsApp-Image-2022-02-08-at-11.31.24-2-1024x682.jpeg 1024w, https:\/\/asalaranjeiras.org.br\/site\/wp-content\/uploads\/2022\/02\/WhatsApp-Image-2022-02-08-at-11.31.24-2-300x200.jpeg 300w, https:\/\/asalaranjeiras.org.br\/site\/wp-content\/uploads\/2022\/02\/WhatsApp-Image-2022-02-08-at-11.31.24-2-150x100.jpeg 150w, https:\/\/asalaranjeiras.org.br\/site\/wp-content\/uploads\/2022\/02\/WhatsApp-Image-2022-02-08-at-11.31.24-2-768x512.jpeg 768w, https:\/\/asalaranjeiras.org.br\/site\/wp-content\/uploads\/2022\/02\/WhatsApp-Image-2022-02-08-at-11.31.24-2-500x333.jpeg 500w, https:\/\/asalaranjeiras.org.br\/site\/wp-content\/uploads\/2022\/02\/WhatsApp-Image-2022-02-08-at-11.31.24-2-800x533.jpeg 800w, https:\/\/asalaranjeiras.org.br\/site\/wp-content\/uploads\/2022\/02\/WhatsApp-Image-2022-02-08-at-11.31.24-2-600x400.jpeg 600w, https:\/\/asalaranjeiras.org.br\/site\/wp-content\/uploads\/2022\/02\/WhatsApp-Image-2022-02-08-at-11.31.24-2.jpeg 1280w\" sizes=\"auto, (max-width: 1024px) 100vw, 1024px\" \/><\/figure><\/li><\/ul><\/figure>\n","protected":false},"excerpt":{"rendered":"<p>Conjunto Musical Cairu\u00e7u emociona o p\u00fablico no CEIC Patrim\u00f4nio O encerramento do ano letivo 2021 contou com momentos comoventes como pedem os anos mais desafiadores. No dia 27 de novembro, o conjunto Musical Cairu\u00e7u reuniu pais, alunos e convidados no Centro de Educa\u00e7\u00e3o Integral Cairu\u00e7u, no Patrim\u00f4nio, para celebrar as conquistas da educadora Elis Carla [&hellip;]<\/p>\n","protected":false},"author":2,"featured_media":48054,"comment_status":"closed","ping_status":"open","sticky":false,"template":"","format":"standard","meta":{"_uag_custom_page_level_css":"","ghostkit_customizer_options":"","ghostkit_custom_css":"","ghostkit_custom_js_head":"","ghostkit_custom_js_foot":"","ghostkit_typography":"","footnotes":""},"categories":[56,52],"tags":[],"class_list":["post-48036","post","type-post","status-publish","format-standard","has-post-thumbnail","hentry","category-musicalizacao","category-programa-pedagogico-social"],"uagb_featured_image_src":{"full":["https:\/\/asalaranjeiras.org.br\/site\/wp-content\/uploads\/2022\/02\/WhatsApp-Image-2022-02-08-at-11.31.21-3.jpeg",1280,853,false],"thumbnail":["https:\/\/asalaranjeiras.org.br\/site\/wp-content\/uploads\/2022\/02\/WhatsApp-Image-2022-02-08-at-11.31.21-3-150x100.jpeg",150,100,true],"medium":["https:\/\/asalaranjeiras.org.br\/site\/wp-content\/uploads\/2022\/02\/WhatsApp-Image-2022-02-08-at-11.31.21-3-300x200.jpeg",300,200,true],"medium_large":["https:\/\/asalaranjeiras.org.br\/site\/wp-content\/uploads\/2022\/02\/WhatsApp-Image-2022-02-08-at-11.31.21-3-768x512.jpeg",768,512,true],"large":["https:\/\/asalaranjeiras.org.br\/site\/wp-content\/uploads\/2022\/02\/WhatsApp-Image-2022-02-08-at-11.31.21-3-1024x682.jpeg",1024,682,true],"1536x1536":["https:\/\/asalaranjeiras.org.br\/site\/wp-content\/uploads\/2022\/02\/WhatsApp-Image-2022-02-08-at-11.31.21-3.jpeg",1280,853,false],"2048x2048":["https:\/\/asalaranjeiras.org.br\/site\/wp-content\/uploads\/2022\/02\/WhatsApp-Image-2022-02-08-at-11.31.21-3.jpeg",1280,853,false],"awb_sm":["https:\/\/asalaranjeiras.org.br\/site\/wp-content\/uploads\/2022\/02\/WhatsApp-Image-2022-02-08-at-11.31.21-3-500x333.jpeg",500,333,true],"awb_md":["https:\/\/asalaranjeiras.org.br\/site\/wp-content\/uploads\/2022\/02\/WhatsApp-Image-2022-02-08-at-11.31.21-3-800x533.jpeg",800,533,true],"awb_lg":["https:\/\/asalaranjeiras.org.br\/site\/wp-content\/uploads\/2022\/02\/WhatsApp-Image-2022-02-08-at-11.31.21-3.jpeg",1280,853,false],"awb_xl":["https:\/\/asalaranjeiras.org.br\/site\/wp-content\/uploads\/2022\/02\/WhatsApp-Image-2022-02-08-at-11.31.21-3.jpeg",1280,853,false],"smr-thumb":["https:\/\/asalaranjeiras.org.br\/site\/wp-content\/uploads\/2022\/02\/WhatsApp-Image-2022-02-08-at-11.31.21-3-805x452.jpeg",805,452,true],"smr-thumb-full":["https:\/\/asalaranjeiras.org.br\/site\/wp-content\/uploads\/2022\/02\/WhatsApp-Image-2022-02-08-at-11.31.21-3-1090x613.jpeg",1090,613,true]},"uagb_author_info":{"display_name":"Associa\u00e7\u00e3o Cairu\u00e7u","author_link":"https:\/\/asalaranjeiras.org.br\/site\/author\/cairucu\/"},"uagb_comment_info":0,"uagb_excerpt":"Conjunto Musical Cairu\u00e7u emociona o p\u00fablico no CEIC Patrim\u00f4nio O encerramento do ano letivo 2021 contou com momentos comoventes como pedem os anos mais desafiadores. No dia 27 de novembro, o conjunto Musical Cairu\u00e7u reuniu pais, alunos e convidados no Centro de Educa\u00e7\u00e3o Integral Cairu\u00e7u, no Patrim\u00f4nio, para celebrar as conquistas da educadora Elis Carla&hellip;","_links":{"self":[{"href":"https:\/\/asalaranjeiras.org.br\/site\/wp-json\/wp\/v2\/posts\/48036","targetHints":{"allow":["GET"]}}],"collection":[{"href":"https:\/\/asalaranjeiras.org.br\/site\/wp-json\/wp\/v2\/posts"}],"about":[{"href":"https:\/\/asalaranjeiras.org.br\/site\/wp-json\/wp\/v2\/types\/post"}],"author":[{"embeddable":true,"href":"https:\/\/asalaranjeiras.org.br\/site\/wp-json\/wp\/v2\/users\/2"}],"replies":[{"embeddable":true,"href":"https:\/\/asalaranjeiras.org.br\/site\/wp-json\/wp\/v2\/comments?post=48036"}],"version-history":[{"count":1,"href":"https:\/\/asalaranjeiras.org.br\/site\/wp-json\/wp\/v2\/posts\/48036\/revisions"}],"predecessor-version":[{"id":48087,"href":"https:\/\/asalaranjeiras.org.br\/site\/wp-json\/wp\/v2\/posts\/48036\/revisions\/48087"}],"wp:featuredmedia":[{"embeddable":true,"href":"https:\/\/asalaranjeiras.org.br\/site\/wp-json\/wp\/v2\/media\/48054"}],"wp:attachment":[{"href":"https:\/\/asalaranjeiras.org.br\/site\/wp-json\/wp\/v2\/media?parent=48036"}],"wp:term":[{"taxonomy":"category","embeddable":true,"href":"https:\/\/asalaranjeiras.org.br\/site\/wp-json\/wp\/v2\/categories?post=48036"},{"taxonomy":"post_tag","embeddable":true,"href":"https:\/\/asalaranjeiras.org.br\/site\/wp-json\/wp\/v2\/tags?post=48036"}],"curies":[{"name":"wp","href":"https:\/\/api.w.org\/{rel}","templated":true}]}}