{"id":48384,"date":"2022-05-30T22:31:43","date_gmt":"2022-05-30T22:31:43","guid":{"rendered":"https:\/\/asalaranjeiras.org.br\/site\/?p=48384"},"modified":"2023-08-21T13:27:48","modified_gmt":"2023-08-21T13:27:48","slug":"oficinas-alfaletrando-com-as-aves","status":"publish","type":"post","link":"https:\/\/asalaranjeiras.org.br\/site\/oficinas-alfaletrando-com-as-aves\/","title":{"rendered":"Oficinas Alfaletrando com as Aves"},"content":{"rendered":"\n<p><em>Aves da Minha Escola promove encontros com educadores da rede municipal para incentivar o alfaletramento com aves regionais<\/em><\/p>\n\n\n\n<p>Alfaletrar \u00e9 um conceito pedag\u00f3gico que integra a alfabetiza\u00e7\u00e3o e o letramento, assumindo que toda crian\u00e7a deve aprender a ler e a escrever, n\u00e3o apenas apropriando-se do alfabeto, mas tornando-se capaz de escrever textos e ler o mundo a sua volta. A proposta de alfaletramento da Secretaria de Educa\u00e7\u00e3o de Paraty ganhou asas em parceria com o projeto Aves da Minha Comunidade, da Associa\u00e7\u00e3o Cairu\u00e7u, com o apoio do instituto humanize, dando origem ao recurso pedag\u00f3gico chamado ABC das Aves.<\/p>\n\n\n\n<p>O ABC das Aves \u00e9 composto por um abeced\u00e1rio ilustrado com aves regionais e um bingo de aves, que foram distribu\u00eddos em mar\u00e7o de 2022 para todas as turmas de 1\u00ba a 3\u00ba ano do ensino fundamental da rede p\u00fablica e est\u00e3o dispostos nas salas de aulas, \u00e0 vista de nossas crian\u00e7as. Al\u00e9m de um manual virtual para auxiliar os educadores da rede, foram programadas seis oficinas para compartilhar conhecimentos e multiplicar os m\u00e9todos de aplica\u00e7\u00e3o do ABC das Aves.<\/p>\n\n\n\n<p>As primeiras duas oficinas aconteceram no m\u00eas de abril, sob o comando da coordenadora do Aves da Minha Escola, Sylvia Jungh\u00e4hnel e das coordenadoras do N\u00facleo Alfa da SME Camilla Princisval, Eliane Lino e Rosania Tomaz de Lima Maia. Elas apresentaram o manual detalhadamente, compartilharam informa\u00e7\u00f5es sobre cada ave, destacaram maneiras criativas de utilizar o ABC e atividades educativas focadas em aves. Os participantes das oficinas tamb\u00e9m tiveram a oportunidade de jogar o bingo das aves, tendo como pr\u00eamios livros e caixas de bombom.<\/p>\n\n\n\n<p>Durante as duas oficinas realizadas em maio, Sylvia mostrou como agrupar as aves por cores ou fun\u00e7\u00e3o ecol\u00f3gica para propor atividades educativas e desenvolver jogos. Ainda, foram exibidas diversas atividades realizadas por educadores da rede a partir do ABC das Aves, como cria\u00e7\u00e3o de poemas, confec\u00e7\u00e3o de comedouros para aves, quebra-cabe\u00e7as, pinturas e desenhos.<\/p>\n\n\n\n<p>O trabalho colaborativo tem sido alimentado pelo grupo de WhatsApp do Alfaletrando, no qual muitos educadores est\u00e3o compartilhando as iniciativas que est\u00e3o fazendo sucesso com a garotada. Com isso, a proposta para as pr\u00f3ximas &nbsp;oficinas \u00e9 que os pr\u00f3prios educadores possam compartilhar as metodologias mais efetivas para impulsionar o aprendizado das crian\u00e7as.<\/p>\n\n\n\n<p>Nossa alegria \u00e9 saber que o ABC das Aves j\u00e1 est\u00e1 sendo aplicado e est\u00e1 inspirando as crian\u00e7as, educadores, equipes pedag\u00f3gicas e muitas outras pessoas. A pedido do N\u00facleo Alfa da SME, o escritor paratiense Fl\u00e1vio de Ara\u00fajo escreveu uma poesia e uma composi\u00e7\u00e3o musical sobre as aves. Isso \u00e9 voo do projeto e a certeza de que ele pode trazer novo sentido ao ato de ler e escrever, combinado ao amor e ao respeito \u00e0s aves livres.<\/p>\n\n\n\n<p><strong>Can\u00e7\u00e3o Para Bater Asas<\/strong><\/p>\n\n\n\n<p><em>Fl\u00e1vio de Ara\u00fajo<\/em><\/p>\n\n\n\n<p>Passarinho<br>voa<br>Passarinho<br>Quanto mais voar<br>Eu vou<br>Amar seu voo<br>Voa passarinho<br>No c\u00e9u branquinho<br>Voa amor<br>Passarinho<br>Voa<br>Passarinho<br>Abrindo as asas<br>Tamb\u00e9m vou<br>Voar contigo<br>Voa passarinho<br>No c\u00e9u branquinho<br>Voa amor<br><\/p>\n\n\n\n<p>Passarinho<br>Voa passarinho<br>Quanto mais voa<br>Eu vou<br>Amar seu voo<br>Voa amor<br>No c\u00e9u branquinho<br>Voa amor&#8230;<\/p>\n\n\n\n<figure class=\"wp-block-gallery columns-3 is-cropped wp-block-gallery-1 is-layout-flex wp-block-gallery-is-layout-flex\"><ul class=\"blocks-gallery-grid\"><li class=\"blocks-gallery-item\"><figure><img loading=\"lazy\" decoding=\"async\" width=\"998\" height=\"418\" src=\"https:\/\/asalaranjeiras.org.br\/site\/wp-content\/uploads\/2022\/05\/WhatsApp-Image-2022-05-30-at-19.09.13.jpeg\" alt=\"\" data-id=\"48385\" data-link=\"https:\/\/asalaranjeiras.org.br\/site\/?attachment_id=48385\" class=\"wp-image-48385\" srcset=\"https:\/\/asalaranjeiras.org.br\/site\/wp-content\/uploads\/2022\/05\/WhatsApp-Image-2022-05-30-at-19.09.13.jpeg 998w, https:\/\/asalaranjeiras.org.br\/site\/wp-content\/uploads\/2022\/05\/WhatsApp-Image-2022-05-30-at-19.09.13-300x126.jpeg 300w, https:\/\/asalaranjeiras.org.br\/site\/wp-content\/uploads\/2022\/05\/WhatsApp-Image-2022-05-30-at-19.09.13-150x63.jpeg 150w, https:\/\/asalaranjeiras.org.br\/site\/wp-content\/uploads\/2022\/05\/WhatsApp-Image-2022-05-30-at-19.09.13-768x322.jpeg 768w, https:\/\/asalaranjeiras.org.br\/site\/wp-content\/uploads\/2022\/05\/WhatsApp-Image-2022-05-30-at-19.09.13-500x209.jpeg 500w, https:\/\/asalaranjeiras.org.br\/site\/wp-content\/uploads\/2022\/05\/WhatsApp-Image-2022-05-30-at-19.09.13-800x335.jpeg 800w, https:\/\/asalaranjeiras.org.br\/site\/wp-content\/uploads\/2022\/05\/WhatsApp-Image-2022-05-30-at-19.09.13-600x251.jpeg 600w\" sizes=\"auto, (max-width: 998px) 100vw, 998px\" \/><\/figure><\/li><li class=\"blocks-gallery-item\"><figure><img loading=\"lazy\" decoding=\"async\" width=\"1024\" height=\"682\" src=\"https:\/\/asalaranjeiras.org.br\/site\/wp-content\/uploads\/2022\/05\/WhatsApp-Image-2022-05-30-at-19.17.53-1024x682.jpeg\" alt=\"\" data-id=\"48386\" data-link=\"https:\/\/asalaranjeiras.org.br\/site\/?attachment_id=48386\" class=\"wp-image-48386\" srcset=\"https:\/\/asalaranjeiras.org.br\/site\/wp-content\/uploads\/2022\/05\/WhatsApp-Image-2022-05-30-at-19.17.53-1024x682.jpeg 1024w, https:\/\/asalaranjeiras.org.br\/site\/wp-content\/uploads\/2022\/05\/WhatsApp-Image-2022-05-30-at-19.17.53-300x200.jpeg 300w, https:\/\/asalaranjeiras.org.br\/site\/wp-content\/uploads\/2022\/05\/WhatsApp-Image-2022-05-30-at-19.17.53-150x100.jpeg 150w, https:\/\/asalaranjeiras.org.br\/site\/wp-content\/uploads\/2022\/05\/WhatsApp-Image-2022-05-30-at-19.17.53-768x512.jpeg 768w, https:\/\/asalaranjeiras.org.br\/site\/wp-content\/uploads\/2022\/05\/WhatsApp-Image-2022-05-30-at-19.17.53-500x333.jpeg 500w, https:\/\/asalaranjeiras.org.br\/site\/wp-content\/uploads\/2022\/05\/WhatsApp-Image-2022-05-30-at-19.17.53-800x533.jpeg 800w, https:\/\/asalaranjeiras.org.br\/site\/wp-content\/uploads\/2022\/05\/WhatsApp-Image-2022-05-30-at-19.17.53-600x400.jpeg 600w, https:\/\/asalaranjeiras.org.br\/site\/wp-content\/uploads\/2022\/05\/WhatsApp-Image-2022-05-30-at-19.17.53.jpeg 1280w\" sizes=\"auto, (max-width: 1024px) 100vw, 1024px\" \/><\/figure><\/li><li class=\"blocks-gallery-item\"><figure><img loading=\"lazy\" decoding=\"async\" width=\"1024\" height=\"682\" src=\"https:\/\/asalaranjeiras.org.br\/site\/wp-content\/uploads\/2022\/05\/WhatsApp-Image-2022-05-30-at-19.18.05-1024x682.jpeg\" alt=\"\" data-id=\"48387\" data-link=\"https:\/\/asalaranjeiras.org.br\/site\/?attachment_id=48387\" class=\"wp-image-48387\" srcset=\"https:\/\/asalaranjeiras.org.br\/site\/wp-content\/uploads\/2022\/05\/WhatsApp-Image-2022-05-30-at-19.18.05-1024x682.jpeg 1024w, https:\/\/asalaranjeiras.org.br\/site\/wp-content\/uploads\/2022\/05\/WhatsApp-Image-2022-05-30-at-19.18.05-300x200.jpeg 300w, https:\/\/asalaranjeiras.org.br\/site\/wp-content\/uploads\/2022\/05\/WhatsApp-Image-2022-05-30-at-19.18.05-150x100.jpeg 150w, https:\/\/asalaranjeiras.org.br\/site\/wp-content\/uploads\/2022\/05\/WhatsApp-Image-2022-05-30-at-19.18.05-768x512.jpeg 768w, https:\/\/asalaranjeiras.org.br\/site\/wp-content\/uploads\/2022\/05\/WhatsApp-Image-2022-05-30-at-19.18.05-500x333.jpeg 500w, https:\/\/asalaranjeiras.org.br\/site\/wp-content\/uploads\/2022\/05\/WhatsApp-Image-2022-05-30-at-19.18.05-800x533.jpeg 800w, https:\/\/asalaranjeiras.org.br\/site\/wp-content\/uploads\/2022\/05\/WhatsApp-Image-2022-05-30-at-19.18.05-600x400.jpeg 600w, https:\/\/asalaranjeiras.org.br\/site\/wp-content\/uploads\/2022\/05\/WhatsApp-Image-2022-05-30-at-19.18.05.jpeg 1280w\" sizes=\"auto, (max-width: 1024px) 100vw, 1024px\" \/><\/figure><\/li><li class=\"blocks-gallery-item\"><figure><img loading=\"lazy\" decoding=\"async\" width=\"682\" height=\"1024\" src=\"https:\/\/asalaranjeiras.org.br\/site\/wp-content\/uploads\/2022\/05\/WhatsApp-Image-2022-05-30-at-19.18.18-682x1024.jpeg\" alt=\"\" data-id=\"48388\" data-link=\"https:\/\/asalaranjeiras.org.br\/site\/?attachment_id=48388\" class=\"wp-image-48388\" srcset=\"https:\/\/asalaranjeiras.org.br\/site\/wp-content\/uploads\/2022\/05\/WhatsApp-Image-2022-05-30-at-19.18.18-682x1024.jpeg 682w, https:\/\/asalaranjeiras.org.br\/site\/wp-content\/uploads\/2022\/05\/WhatsApp-Image-2022-05-30-at-19.18.18-200x300.jpeg 200w, https:\/\/asalaranjeiras.org.br\/site\/wp-content\/uploads\/2022\/05\/WhatsApp-Image-2022-05-30-at-19.18.18-100x150.jpeg 100w, https:\/\/asalaranjeiras.org.br\/site\/wp-content\/uploads\/2022\/05\/WhatsApp-Image-2022-05-30-at-19.18.18-768x1152.jpeg 768w, https:\/\/asalaranjeiras.org.br\/site\/wp-content\/uploads\/2022\/05\/WhatsApp-Image-2022-05-30-at-19.18.18-500x750.jpeg 500w, https:\/\/asalaranjeiras.org.br\/site\/wp-content\/uploads\/2022\/05\/WhatsApp-Image-2022-05-30-at-19.18.18-800x1200.jpeg 800w, https:\/\/asalaranjeiras.org.br\/site\/wp-content\/uploads\/2022\/05\/WhatsApp-Image-2022-05-30-at-19.18.18-600x900.jpeg 600w, https:\/\/asalaranjeiras.org.br\/site\/wp-content\/uploads\/2022\/05\/WhatsApp-Image-2022-05-30-at-19.18.18.jpeg 853w\" sizes=\"auto, (max-width: 682px) 100vw, 682px\" \/><\/figure><\/li><li class=\"blocks-gallery-item\"><figure><img loading=\"lazy\" decoding=\"async\" width=\"1024\" height=\"682\" src=\"https:\/\/asalaranjeiras.org.br\/site\/wp-content\/uploads\/2022\/05\/WhatsApp-Image-2022-05-30-at-19.18.33-1024x682.jpeg\" alt=\"\" data-id=\"48389\" data-link=\"https:\/\/asalaranjeiras.org.br\/site\/?attachment_id=48389\" class=\"wp-image-48389\" srcset=\"https:\/\/asalaranjeiras.org.br\/site\/wp-content\/uploads\/2022\/05\/WhatsApp-Image-2022-05-30-at-19.18.33-1024x682.jpeg 1024w, https:\/\/asalaranjeiras.org.br\/site\/wp-content\/uploads\/2022\/05\/WhatsApp-Image-2022-05-30-at-19.18.33-300x200.jpeg 300w, https:\/\/asalaranjeiras.org.br\/site\/wp-content\/uploads\/2022\/05\/WhatsApp-Image-2022-05-30-at-19.18.33-150x100.jpeg 150w, https:\/\/asalaranjeiras.org.br\/site\/wp-content\/uploads\/2022\/05\/WhatsApp-Image-2022-05-30-at-19.18.33-768x512.jpeg 768w, https:\/\/asalaranjeiras.org.br\/site\/wp-content\/uploads\/2022\/05\/WhatsApp-Image-2022-05-30-at-19.18.33-500x333.jpeg 500w, https:\/\/asalaranjeiras.org.br\/site\/wp-content\/uploads\/2022\/05\/WhatsApp-Image-2022-05-30-at-19.18.33-800x533.jpeg 800w, https:\/\/asalaranjeiras.org.br\/site\/wp-content\/uploads\/2022\/05\/WhatsApp-Image-2022-05-30-at-19.18.33-600x400.jpeg 600w, https:\/\/asalaranjeiras.org.br\/site\/wp-content\/uploads\/2022\/05\/WhatsApp-Image-2022-05-30-at-19.18.33.jpeg 1280w\" sizes=\"auto, (max-width: 1024px) 100vw, 1024px\" \/><\/figure><\/li><li class=\"blocks-gallery-item\"><figure><img loading=\"lazy\" decoding=\"async\" width=\"1024\" height=\"682\" src=\"https:\/\/asalaranjeiras.org.br\/site\/wp-content\/uploads\/2022\/05\/WhatsApp-Image-2022-05-30-at-19.18.47-1024x682.jpeg\" alt=\"\" data-id=\"48390\" data-link=\"https:\/\/asalaranjeiras.org.br\/site\/?attachment_id=48390\" class=\"wp-image-48390\" srcset=\"https:\/\/asalaranjeiras.org.br\/site\/wp-content\/uploads\/2022\/05\/WhatsApp-Image-2022-05-30-at-19.18.47-1024x682.jpeg 1024w, https:\/\/asalaranjeiras.org.br\/site\/wp-content\/uploads\/2022\/05\/WhatsApp-Image-2022-05-30-at-19.18.47-300x200.jpeg 300w, https:\/\/asalaranjeiras.org.br\/site\/wp-content\/uploads\/2022\/05\/WhatsApp-Image-2022-05-30-at-19.18.47-150x100.jpeg 150w, https:\/\/asalaranjeiras.org.br\/site\/wp-content\/uploads\/2022\/05\/WhatsApp-Image-2022-05-30-at-19.18.47-768x512.jpeg 768w, https:\/\/asalaranjeiras.org.br\/site\/wp-content\/uploads\/2022\/05\/WhatsApp-Image-2022-05-30-at-19.18.47-500x333.jpeg 500w, https:\/\/asalaranjeiras.org.br\/site\/wp-content\/uploads\/2022\/05\/WhatsApp-Image-2022-05-30-at-19.18.47-800x533.jpeg 800w, https:\/\/asalaranjeiras.org.br\/site\/wp-content\/uploads\/2022\/05\/WhatsApp-Image-2022-05-30-at-19.18.47-600x400.jpeg 600w, https:\/\/asalaranjeiras.org.br\/site\/wp-content\/uploads\/2022\/05\/WhatsApp-Image-2022-05-30-at-19.18.47.jpeg 1280w\" sizes=\"auto, (max-width: 1024px) 100vw, 1024px\" \/><\/figure><\/li><li class=\"blocks-gallery-item\"><figure><img loading=\"lazy\" decoding=\"async\" width=\"1024\" height=\"682\" src=\"https:\/\/asalaranjeiras.org.br\/site\/wp-content\/uploads\/2022\/05\/WhatsApp-Image-2022-05-30-at-19.19.02-1024x682.jpeg\" alt=\"\" data-id=\"48391\" data-link=\"https:\/\/asalaranjeiras.org.br\/site\/?attachment_id=48391\" class=\"wp-image-48391\" srcset=\"https:\/\/asalaranjeiras.org.br\/site\/wp-content\/uploads\/2022\/05\/WhatsApp-Image-2022-05-30-at-19.19.02-1024x682.jpeg 1024w, https:\/\/asalaranjeiras.org.br\/site\/wp-content\/uploads\/2022\/05\/WhatsApp-Image-2022-05-30-at-19.19.02-300x200.jpeg 300w, https:\/\/asalaranjeiras.org.br\/site\/wp-content\/uploads\/2022\/05\/WhatsApp-Image-2022-05-30-at-19.19.02-150x100.jpeg 150w, https:\/\/asalaranjeiras.org.br\/site\/wp-content\/uploads\/2022\/05\/WhatsApp-Image-2022-05-30-at-19.19.02-768x512.jpeg 768w, https:\/\/asalaranjeiras.org.br\/site\/wp-content\/uploads\/2022\/05\/WhatsApp-Image-2022-05-30-at-19.19.02-500x333.jpeg 500w, https:\/\/asalaranjeiras.org.br\/site\/wp-content\/uploads\/2022\/05\/WhatsApp-Image-2022-05-30-at-19.19.02-800x533.jpeg 800w, https:\/\/asalaranjeiras.org.br\/site\/wp-content\/uploads\/2022\/05\/WhatsApp-Image-2022-05-30-at-19.19.02-600x400.jpeg 600w, https:\/\/asalaranjeiras.org.br\/site\/wp-content\/uploads\/2022\/05\/WhatsApp-Image-2022-05-30-at-19.19.02.jpeg 1280w\" sizes=\"auto, (max-width: 1024px) 100vw, 1024px\" \/><\/figure><\/li><li class=\"blocks-gallery-item\"><figure><img loading=\"lazy\" decoding=\"async\" width=\"1024\" height=\"682\" src=\"https:\/\/asalaranjeiras.org.br\/site\/wp-content\/uploads\/2022\/05\/WhatsApp-Image-2022-05-30-at-19.19.16-1024x682.jpeg\" alt=\"\" data-id=\"48392\" data-link=\"https:\/\/asalaranjeiras.org.br\/site\/?attachment_id=48392\" class=\"wp-image-48392\" srcset=\"https:\/\/asalaranjeiras.org.br\/site\/wp-content\/uploads\/2022\/05\/WhatsApp-Image-2022-05-30-at-19.19.16-1024x682.jpeg 1024w, https:\/\/asalaranjeiras.org.br\/site\/wp-content\/uploads\/2022\/05\/WhatsApp-Image-2022-05-30-at-19.19.16-300x200.jpeg 300w, https:\/\/asalaranjeiras.org.br\/site\/wp-content\/uploads\/2022\/05\/WhatsApp-Image-2022-05-30-at-19.19.16-150x100.jpeg 150w, https:\/\/asalaranjeiras.org.br\/site\/wp-content\/uploads\/2022\/05\/WhatsApp-Image-2022-05-30-at-19.19.16-768x512.jpeg 768w, https:\/\/asalaranjeiras.org.br\/site\/wp-content\/uploads\/2022\/05\/WhatsApp-Image-2022-05-30-at-19.19.16-500x333.jpeg 500w, https:\/\/asalaranjeiras.org.br\/site\/wp-content\/uploads\/2022\/05\/WhatsApp-Image-2022-05-30-at-19.19.16-800x533.jpeg 800w, https:\/\/asalaranjeiras.org.br\/site\/wp-content\/uploads\/2022\/05\/WhatsApp-Image-2022-05-30-at-19.19.16-600x400.jpeg 600w, https:\/\/asalaranjeiras.org.br\/site\/wp-content\/uploads\/2022\/05\/WhatsApp-Image-2022-05-30-at-19.19.16.jpeg 1280w\" sizes=\"auto, (max-width: 1024px) 100vw, 1024px\" \/><\/figure><\/li><li class=\"blocks-gallery-item\"><figure><img loading=\"lazy\" decoding=\"async\" width=\"682\" height=\"1024\" src=\"https:\/\/asalaranjeiras.org.br\/site\/wp-content\/uploads\/2022\/05\/WhatsApp-Image-2022-05-30-at-19.19.38-682x1024.jpeg\" alt=\"\" data-id=\"48393\" data-link=\"https:\/\/asalaranjeiras.org.br\/site\/?attachment_id=48393\" class=\"wp-image-48393\" srcset=\"https:\/\/asalaranjeiras.org.br\/site\/wp-content\/uploads\/2022\/05\/WhatsApp-Image-2022-05-30-at-19.19.38-682x1024.jpeg 682w, https:\/\/asalaranjeiras.org.br\/site\/wp-content\/uploads\/2022\/05\/WhatsApp-Image-2022-05-30-at-19.19.38-200x300.jpeg 200w, https:\/\/asalaranjeiras.org.br\/site\/wp-content\/uploads\/2022\/05\/WhatsApp-Image-2022-05-30-at-19.19.38-100x150.jpeg 100w, https:\/\/asalaranjeiras.org.br\/site\/wp-content\/uploads\/2022\/05\/WhatsApp-Image-2022-05-30-at-19.19.38-768x1152.jpeg 768w, https:\/\/asalaranjeiras.org.br\/site\/wp-content\/uploads\/2022\/05\/WhatsApp-Image-2022-05-30-at-19.19.38-500x750.jpeg 500w, https:\/\/asalaranjeiras.org.br\/site\/wp-content\/uploads\/2022\/05\/WhatsApp-Image-2022-05-30-at-19.19.38-800x1200.jpeg 800w, https:\/\/asalaranjeiras.org.br\/site\/wp-content\/uploads\/2022\/05\/WhatsApp-Image-2022-05-30-at-19.19.38-600x900.jpeg 600w, https:\/\/asalaranjeiras.org.br\/site\/wp-content\/uploads\/2022\/05\/WhatsApp-Image-2022-05-30-at-19.19.38.jpeg 853w\" sizes=\"auto, (max-width: 682px) 100vw, 682px\" \/><\/figure><\/li><li class=\"blocks-gallery-item\"><figure><img loading=\"lazy\" decoding=\"async\" width=\"998\" height=\"418\" src=\"https:\/\/asalaranjeiras.org.br\/site\/wp-content\/uploads\/2022\/05\/WhatsApp-Image-2022-05-30-at-19.09.13-1.jpeg\" alt=\"\" data-id=\"48395\" data-full-url=\"https:\/\/asalaranjeiras.org.br\/site\/wp-content\/uploads\/2022\/05\/WhatsApp-Image-2022-05-30-at-19.09.13-1.jpeg\" data-link=\"https:\/\/asalaranjeiras.org.br\/site\/oficinas-alfaletrando-com-as-aves\/whatsapp-image-2022-05-30-at-19-09-13-1\/\" class=\"wp-image-48395\" srcset=\"https:\/\/asalaranjeiras.org.br\/site\/wp-content\/uploads\/2022\/05\/WhatsApp-Image-2022-05-30-at-19.09.13-1.jpeg 998w, https:\/\/asalaranjeiras.org.br\/site\/wp-content\/uploads\/2022\/05\/WhatsApp-Image-2022-05-30-at-19.09.13-1-300x126.jpeg 300w, https:\/\/asalaranjeiras.org.br\/site\/wp-content\/uploads\/2022\/05\/WhatsApp-Image-2022-05-30-at-19.09.13-1-150x63.jpeg 150w, https:\/\/asalaranjeiras.org.br\/site\/wp-content\/uploads\/2022\/05\/WhatsApp-Image-2022-05-30-at-19.09.13-1-768x322.jpeg 768w, https:\/\/asalaranjeiras.org.br\/site\/wp-content\/uploads\/2022\/05\/WhatsApp-Image-2022-05-30-at-19.09.13-1-500x209.jpeg 500w, https:\/\/asalaranjeiras.org.br\/site\/wp-content\/uploads\/2022\/05\/WhatsApp-Image-2022-05-30-at-19.09.13-1-800x335.jpeg 800w, https:\/\/asalaranjeiras.org.br\/site\/wp-content\/uploads\/2022\/05\/WhatsApp-Image-2022-05-30-at-19.09.13-1-600x251.jpeg 600w\" sizes=\"auto, (max-width: 998px) 100vw, 998px\" \/><\/figure><\/li><li class=\"blocks-gallery-item\"><figure><img loading=\"lazy\" decoding=\"async\" width=\"926\" height=\"402\" src=\"https:\/\/asalaranjeiras.org.br\/site\/wp-content\/uploads\/2022\/05\/WhatsApp-Image-2022-05-30-at-19.32.21.jpeg\" alt=\"\" data-id=\"48396\" data-full-url=\"https:\/\/asalaranjeiras.org.br\/site\/wp-content\/uploads\/2022\/05\/WhatsApp-Image-2022-05-30-at-19.32.21.jpeg\" data-link=\"https:\/\/asalaranjeiras.org.br\/site\/oficinas-alfaletrando-com-as-aves\/whatsapp-image-2022-05-30-at-19-32-21\/\" class=\"wp-image-48396\" srcset=\"https:\/\/asalaranjeiras.org.br\/site\/wp-content\/uploads\/2022\/05\/WhatsApp-Image-2022-05-30-at-19.32.21.jpeg 926w, https:\/\/asalaranjeiras.org.br\/site\/wp-content\/uploads\/2022\/05\/WhatsApp-Image-2022-05-30-at-19.32.21-300x130.jpeg 300w, https:\/\/asalaranjeiras.org.br\/site\/wp-content\/uploads\/2022\/05\/WhatsApp-Image-2022-05-30-at-19.32.21-150x65.jpeg 150w, https:\/\/asalaranjeiras.org.br\/site\/wp-content\/uploads\/2022\/05\/WhatsApp-Image-2022-05-30-at-19.32.21-768x333.jpeg 768w, https:\/\/asalaranjeiras.org.br\/site\/wp-content\/uploads\/2022\/05\/WhatsApp-Image-2022-05-30-at-19.32.21-500x217.jpeg 500w, https:\/\/asalaranjeiras.org.br\/site\/wp-content\/uploads\/2022\/05\/WhatsApp-Image-2022-05-30-at-19.32.21-800x347.jpeg 800w, https:\/\/asalaranjeiras.org.br\/site\/wp-content\/uploads\/2022\/05\/WhatsApp-Image-2022-05-30-at-19.32.21-600x260.jpeg 600w\" sizes=\"auto, (max-width: 926px) 100vw, 926px\" \/><\/figure><\/li><\/ul><\/figure>\n","protected":false},"excerpt":{"rendered":"<p>Aves da Minha Escola promove encontros com educadores da rede municipal para incentivar o alfaletramento com aves regionais Alfaletrar \u00e9 um conceito pedag\u00f3gico que integra a alfabetiza\u00e7\u00e3o e o letramento, assumindo que toda crian\u00e7a deve aprender a ler e a escrever, n\u00e3o apenas apropriando-se do alfabeto, mas tornando-se capaz de escrever textos e ler o [&hellip;]<\/p>\n","protected":false},"author":2,"featured_media":48385,"comment_status":"closed","ping_status":"open","sticky":false,"template":"","format":"standard","meta":{"_uag_custom_page_level_css":"","ghostkit_customizer_options":"","ghostkit_custom_css":"","ghostkit_custom_js_head":"","ghostkit_custom_js_foot":"","ghostkit_typography":"","footnotes":""},"categories":[65,53],"tags":[],"class_list":["post-48384","post","type-post","status-publish","format-standard","has-post-thumbnail","hentry","category-aves-da-minha-escola","category-programa-pedagogico-ambiental"],"uagb_featured_image_src":{"full":["https:\/\/asalaranjeiras.org.br\/site\/wp-content\/uploads\/2022\/05\/WhatsApp-Image-2022-05-30-at-19.09.13.jpeg",998,418,false],"thumbnail":["https:\/\/asalaranjeiras.org.br\/site\/wp-content\/uploads\/2022\/05\/WhatsApp-Image-2022-05-30-at-19.09.13-150x63.jpeg",150,63,true],"medium":["https:\/\/asalaranjeiras.org.br\/site\/wp-content\/uploads\/2022\/05\/WhatsApp-Image-2022-05-30-at-19.09.13-300x126.jpeg",300,126,true],"medium_large":["https:\/\/asalaranjeiras.org.br\/site\/wp-content\/uploads\/2022\/05\/WhatsApp-Image-2022-05-30-at-19.09.13-768x322.jpeg",768,322,true],"large":["https:\/\/asalaranjeiras.org.br\/site\/wp-content\/uploads\/2022\/05\/WhatsApp-Image-2022-05-30-at-19.09.13.jpeg",998,418,false],"1536x1536":["https:\/\/asalaranjeiras.org.br\/site\/wp-content\/uploads\/2022\/05\/WhatsApp-Image-2022-05-30-at-19.09.13.jpeg",998,418,false],"2048x2048":["https:\/\/asalaranjeiras.org.br\/site\/wp-content\/uploads\/2022\/05\/WhatsApp-Image-2022-05-30-at-19.09.13.jpeg",998,418,false],"awb_sm":["https:\/\/asalaranjeiras.org.br\/site\/wp-content\/uploads\/2022\/05\/WhatsApp-Image-2022-05-30-at-19.09.13-500x209.jpeg",500,209,true],"awb_md":["https:\/\/asalaranjeiras.org.br\/site\/wp-content\/uploads\/2022\/05\/WhatsApp-Image-2022-05-30-at-19.09.13-800x335.jpeg",800,335,true],"awb_lg":["https:\/\/asalaranjeiras.org.br\/site\/wp-content\/uploads\/2022\/05\/WhatsApp-Image-2022-05-30-at-19.09.13.jpeg",998,418,false],"awb_xl":["https:\/\/asalaranjeiras.org.br\/site\/wp-content\/uploads\/2022\/05\/WhatsApp-Image-2022-05-30-at-19.09.13.jpeg",998,418,false],"smr-thumb":["https:\/\/asalaranjeiras.org.br\/site\/wp-content\/uploads\/2022\/05\/WhatsApp-Image-2022-05-30-at-19.09.13-805x418.jpeg",805,418,true],"smr-thumb-full":["https:\/\/asalaranjeiras.org.br\/site\/wp-content\/uploads\/2022\/05\/WhatsApp-Image-2022-05-30-at-19.09.13.jpeg",998,418,false]},"uagb_author_info":{"display_name":"Associa\u00e7\u00e3o Cairu\u00e7u","author_link":"https:\/\/asalaranjeiras.org.br\/site\/author\/cairucu\/"},"uagb_comment_info":0,"uagb_excerpt":"Aves da Minha Escola promove encontros com educadores da rede municipal para incentivar o alfaletramento com aves regionais Alfaletrar \u00e9 um conceito pedag\u00f3gico que integra a alfabetiza\u00e7\u00e3o e o letramento, assumindo que toda crian\u00e7a deve aprender a ler e a escrever, n\u00e3o apenas apropriando-se do alfabeto, mas tornando-se capaz de escrever textos e ler o&hellip;","_links":{"self":[{"href":"https:\/\/asalaranjeiras.org.br\/site\/wp-json\/wp\/v2\/posts\/48384","targetHints":{"allow":["GET"]}}],"collection":[{"href":"https:\/\/asalaranjeiras.org.br\/site\/wp-json\/wp\/v2\/posts"}],"about":[{"href":"https:\/\/asalaranjeiras.org.br\/site\/wp-json\/wp\/v2\/types\/post"}],"author":[{"embeddable":true,"href":"https:\/\/asalaranjeiras.org.br\/site\/wp-json\/wp\/v2\/users\/2"}],"replies":[{"embeddable":true,"href":"https:\/\/asalaranjeiras.org.br\/site\/wp-json\/wp\/v2\/comments?post=48384"}],"version-history":[{"count":2,"href":"https:\/\/asalaranjeiras.org.br\/site\/wp-json\/wp\/v2\/posts\/48384\/revisions"}],"predecessor-version":[{"id":48397,"href":"https:\/\/asalaranjeiras.org.br\/site\/wp-json\/wp\/v2\/posts\/48384\/revisions\/48397"}],"wp:featuredmedia":[{"embeddable":true,"href":"https:\/\/asalaranjeiras.org.br\/site\/wp-json\/wp\/v2\/media\/48385"}],"wp:attachment":[{"href":"https:\/\/asalaranjeiras.org.br\/site\/wp-json\/wp\/v2\/media?parent=48384"}],"wp:term":[{"taxonomy":"category","embeddable":true,"href":"https:\/\/asalaranjeiras.org.br\/site\/wp-json\/wp\/v2\/categories?post=48384"},{"taxonomy":"post_tag","embeddable":true,"href":"https:\/\/asalaranjeiras.org.br\/site\/wp-json\/wp\/v2\/tags?post=48384"}],"curies":[{"name":"wp","href":"https:\/\/api.w.org\/{rel}","templated":true}]}}