{"id":48638,"date":"2022-12-08T15:00:49","date_gmt":"2022-12-08T15:00:49","guid":{"rendered":"https:\/\/asalaranjeiras.org.br\/site\/?p=48638"},"modified":"2023-08-21T11:51:29","modified_gmt":"2023-08-21T11:51:29","slug":"uma-noite-de-musica-e-emocao","status":"publish","type":"post","link":"https:\/\/asalaranjeiras.org.br\/site\/uma-noite-de-musica-e-emocao\/","title":{"rendered":"Uma noite de m\u00fasica e emo\u00e7\u00e3o"},"content":{"rendered":"\n<p>No dia 3 de dezembro, encerrando as comemora\u00e7\u00f5es pelos 20 anos da Associa\u00e7\u00e3o Cairu\u00e7u, o Conjunto Musical Cairu\u00e7u apresentou o Recital &#8220;Paz pela Paz&#8221; na Casa da Cultura de Paraty e foi poss\u00edvel presenciar o brilho dos talentos individuais que somados formam um Conjunto Musical competente e afinado que exibe prazer e alegria em tocar.<\/p>\n\n\n\n<p>O Recital foi divido em tr\u00eas partes: solos de alunos veteranos e intermedi\u00e1rios; m\u00fasica popular brasileira, do bai\u00e3o \u00e0 bossa nova, com direito ao cl\u00e1ssico \u201cGarota de Ipanema\u201d; execu\u00e7\u00e3o de conjunto e musicaliza\u00e7\u00e3o infantil.<\/p>\n\n\n\n<p>Na abertura do evento, a Diretora Executiva Juliana Aledi desejou&nbsp; boas vindas a todos e homenageou a equipe da Associa\u00e7\u00e3o Cairu\u00e7u convidando os integrantes ao palco para receber uma salva de palmas. Andreia do Almo, Coordenadora do Programa Arte e Educa\u00e7\u00e3o, tamb\u00e9m fez uma fala de abertura,&nbsp; seguida das palavras de Jana\u00edna, m\u00e3e da aluna Nara Lu\u00edsa. Jana\u00edna falou sobre a dedica\u00e7\u00e3o da educadora Elis Carla e o amor que entrega aos alunos. Elis \u00e9 uma educadora que exige muito comprometimento das crian\u00e7as, mas n\u00e3o somente com a m\u00fasica,&nbsp; tamb\u00e9m com os estudos. Jana\u00edna afirmou o quanto isso foi importante para o crescimento da filha e relembrou o per\u00edodo de pandemia, quando Elis manteve o trabalho com a turma atrav\u00e9s do Whatsapp e do Delivery Musical, levando instrumentos nas resid\u00eancias dos alunos.<\/p>\n\n\n\n<p>Elis, por sua vez, informou ao p\u00fablico que o repert\u00f3rio da noite foi escolhido pelos integrantes do Conjunto Musical e que isso \u00e9 um sinal de sua maturidade: &#8220;Antes a gente tocava &#8216;Uni, duni, t\u00ea&#8217; e &#8216;Ciranda Cirandinha&#8217;. Agora eles escolheram todo o repert\u00f3rio que &nbsp;voc\u00eas ir\u00e3o ouvir. Foi quando me dei conta que eles cresceram.&#8221;, declarou a educadora antes da can\u00e7\u00e3o &#8220;De janeiro a janeiro&#8221;, de Roberta Campos.<\/p>\n\n\n\n<p>Durante o evento diversos participantes do Projeto Lindo Amanhecer, tamb\u00e9m comandado por Elis, fizeram participa\u00e7\u00f5es especiais. O ex-aluno da Associa\u00e7\u00e3o Cairu\u00e7u Guilherme Fonseca dos Santos, hoje membro da Orquestra Sinf\u00f4nica de Paraty, tamb\u00e9m brilhou com seu violino.<\/p>\n\n\n\n<p>A m\u00fasica escolhida para finalizar a apresenta\u00e7\u00e3o foi a que deu o seu nome ao espet\u00e1culo: &#8220;Paz pela paz&#8221;. Desejando paz \u00e0s crian\u00e7as, \u00e0s fam\u00edlias, \u00e0 natureza e ao mundo todo, Elis encerrou a noite com o p\u00fablico emocionado e de p\u00e9.<\/p>\n\n\n\n<figure class=\"wp-block-gallery columns-3 wp-block-gallery-1 is-layout-flex wp-block-gallery-is-layout-flex\"><ul class=\"blocks-gallery-grid\"><li class=\"blocks-gallery-item\"><figure><img loading=\"lazy\" decoding=\"async\" width=\"1024\" height=\"682\" src=\"https:\/\/asalaranjeiras.org.br\/site\/wp-content\/uploads\/2022\/12\/3-3-1024x682.jpg\" alt=\"\" data-id=\"48667\" data-full-url=\"https:\/\/asalaranjeiras.org.br\/site\/wp-content\/uploads\/2022\/12\/3-3.jpg\" data-link=\"https:\/\/asalaranjeiras.org.br\/site\/uma-noite-de-musica-e-emocao\/3-3-3\/\" class=\"wp-image-48667\" srcset=\"https:\/\/asalaranjeiras.org.br\/site\/wp-content\/uploads\/2022\/12\/3-3-1024x682.jpg 1024w, https:\/\/asalaranjeiras.org.br\/site\/wp-content\/uploads\/2022\/12\/3-3-300x200.jpg 300w, https:\/\/asalaranjeiras.org.br\/site\/wp-content\/uploads\/2022\/12\/3-3-150x100.jpg 150w, https:\/\/asalaranjeiras.org.br\/site\/wp-content\/uploads\/2022\/12\/3-3-768x512.jpg 768w, https:\/\/asalaranjeiras.org.br\/site\/wp-content\/uploads\/2022\/12\/3-3-500x333.jpg 500w, https:\/\/asalaranjeiras.org.br\/site\/wp-content\/uploads\/2022\/12\/3-3-800x533.jpg 800w, https:\/\/asalaranjeiras.org.br\/site\/wp-content\/uploads\/2022\/12\/3-3-600x400.jpg 600w, https:\/\/asalaranjeiras.org.br\/site\/wp-content\/uploads\/2022\/12\/3-3.jpg 1280w\" sizes=\"auto, (max-width: 1024px) 100vw, 1024px\" \/><\/figure><\/li><li class=\"blocks-gallery-item\"><figure><img loading=\"lazy\" decoding=\"async\" width=\"1024\" height=\"682\" src=\"https:\/\/asalaranjeiras.org.br\/site\/wp-content\/uploads\/2022\/12\/4-3-1024x682.jpg\" alt=\"\" data-id=\"48668\" data-full-url=\"https:\/\/asalaranjeiras.org.br\/site\/wp-content\/uploads\/2022\/12\/4-3.jpg\" data-link=\"https:\/\/asalaranjeiras.org.br\/site\/uma-noite-de-musica-e-emocao\/4-3-2\/\" class=\"wp-image-48668\" srcset=\"https:\/\/asalaranjeiras.org.br\/site\/wp-content\/uploads\/2022\/12\/4-3-1024x682.jpg 1024w, https:\/\/asalaranjeiras.org.br\/site\/wp-content\/uploads\/2022\/12\/4-3-300x200.jpg 300w, https:\/\/asalaranjeiras.org.br\/site\/wp-content\/uploads\/2022\/12\/4-3-150x100.jpg 150w, https:\/\/asalaranjeiras.org.br\/site\/wp-content\/uploads\/2022\/12\/4-3-768x512.jpg 768w, https:\/\/asalaranjeiras.org.br\/site\/wp-content\/uploads\/2022\/12\/4-3-500x333.jpg 500w, https:\/\/asalaranjeiras.org.br\/site\/wp-content\/uploads\/2022\/12\/4-3-800x533.jpg 800w, https:\/\/asalaranjeiras.org.br\/site\/wp-content\/uploads\/2022\/12\/4-3-600x400.jpg 600w, https:\/\/asalaranjeiras.org.br\/site\/wp-content\/uploads\/2022\/12\/4-3.jpg 1280w\" sizes=\"auto, (max-width: 1024px) 100vw, 1024px\" \/><\/figure><\/li><li class=\"blocks-gallery-item\"><figure><img loading=\"lazy\" decoding=\"async\" width=\"1024\" height=\"682\" src=\"https:\/\/asalaranjeiras.org.br\/site\/wp-content\/uploads\/2022\/12\/5-3-1024x682.jpg\" alt=\"\" data-id=\"48669\" data-full-url=\"https:\/\/asalaranjeiras.org.br\/site\/wp-content\/uploads\/2022\/12\/5-3.jpg\" data-link=\"https:\/\/asalaranjeiras.org.br\/site\/uma-noite-de-musica-e-emocao\/5-3-2\/\" class=\"wp-image-48669\" srcset=\"https:\/\/asalaranjeiras.org.br\/site\/wp-content\/uploads\/2022\/12\/5-3-1024x682.jpg 1024w, https:\/\/asalaranjeiras.org.br\/site\/wp-content\/uploads\/2022\/12\/5-3-300x200.jpg 300w, https:\/\/asalaranjeiras.org.br\/site\/wp-content\/uploads\/2022\/12\/5-3-150x100.jpg 150w, https:\/\/asalaranjeiras.org.br\/site\/wp-content\/uploads\/2022\/12\/5-3-768x512.jpg 768w, https:\/\/asalaranjeiras.org.br\/site\/wp-content\/uploads\/2022\/12\/5-3-500x333.jpg 500w, https:\/\/asalaranjeiras.org.br\/site\/wp-content\/uploads\/2022\/12\/5-3-800x533.jpg 800w, https:\/\/asalaranjeiras.org.br\/site\/wp-content\/uploads\/2022\/12\/5-3-600x400.jpg 600w, https:\/\/asalaranjeiras.org.br\/site\/wp-content\/uploads\/2022\/12\/5-3.jpg 1280w\" sizes=\"auto, (max-width: 1024px) 100vw, 1024px\" \/><\/figure><\/li><li class=\"blocks-gallery-item\"><figure><img loading=\"lazy\" decoding=\"async\" width=\"1024\" height=\"687\" src=\"https:\/\/asalaranjeiras.org.br\/site\/wp-content\/uploads\/2022\/12\/8-3-1024x687.jpg\" alt=\"\" data-id=\"48670\" data-full-url=\"https:\/\/asalaranjeiras.org.br\/site\/wp-content\/uploads\/2022\/12\/8-3.jpg\" data-link=\"https:\/\/asalaranjeiras.org.br\/site\/uma-noite-de-musica-e-emocao\/8-3-2\/\" class=\"wp-image-48670\" srcset=\"https:\/\/asalaranjeiras.org.br\/site\/wp-content\/uploads\/2022\/12\/8-3-1024x687.jpg 1024w, https:\/\/asalaranjeiras.org.br\/site\/wp-content\/uploads\/2022\/12\/8-3-300x201.jpg 300w, https:\/\/asalaranjeiras.org.br\/site\/wp-content\/uploads\/2022\/12\/8-3-150x101.jpg 150w, https:\/\/asalaranjeiras.org.br\/site\/wp-content\/uploads\/2022\/12\/8-3-768x515.jpg 768w, https:\/\/asalaranjeiras.org.br\/site\/wp-content\/uploads\/2022\/12\/8-3-500x336.jpg 500w, https:\/\/asalaranjeiras.org.br\/site\/wp-content\/uploads\/2022\/12\/8-3-800x537.jpg 800w, https:\/\/asalaranjeiras.org.br\/site\/wp-content\/uploads\/2022\/12\/8-3-600x403.jpg 600w, https:\/\/asalaranjeiras.org.br\/site\/wp-content\/uploads\/2022\/12\/8-3.jpg 1280w\" sizes=\"auto, (max-width: 1024px) 100vw, 1024px\" \/><\/figure><\/li><li class=\"blocks-gallery-item\"><figure><img loading=\"lazy\" decoding=\"async\" width=\"1024\" height=\"682\" src=\"https:\/\/asalaranjeiras.org.br\/site\/wp-content\/uploads\/2022\/12\/9-3-1024x682.jpg\" alt=\"\" data-id=\"48671\" data-full-url=\"https:\/\/asalaranjeiras.org.br\/site\/wp-content\/uploads\/2022\/12\/9-3.jpg\" data-link=\"https:\/\/asalaranjeiras.org.br\/site\/uma-noite-de-musica-e-emocao\/9-3-2\/\" class=\"wp-image-48671\" srcset=\"https:\/\/asalaranjeiras.org.br\/site\/wp-content\/uploads\/2022\/12\/9-3-1024x682.jpg 1024w, https:\/\/asalaranjeiras.org.br\/site\/wp-content\/uploads\/2022\/12\/9-3-300x200.jpg 300w, https:\/\/asalaranjeiras.org.br\/site\/wp-content\/uploads\/2022\/12\/9-3-150x100.jpg 150w, https:\/\/asalaranjeiras.org.br\/site\/wp-content\/uploads\/2022\/12\/9-3-768x512.jpg 768w, https:\/\/asalaranjeiras.org.br\/site\/wp-content\/uploads\/2022\/12\/9-3-500x333.jpg 500w, https:\/\/asalaranjeiras.org.br\/site\/wp-content\/uploads\/2022\/12\/9-3-800x533.jpg 800w, https:\/\/asalaranjeiras.org.br\/site\/wp-content\/uploads\/2022\/12\/9-3-600x400.jpg 600w, https:\/\/asalaranjeiras.org.br\/site\/wp-content\/uploads\/2022\/12\/9-3.jpg 1280w\" sizes=\"auto, (max-width: 1024px) 100vw, 1024px\" \/><\/figure><\/li><li class=\"blocks-gallery-item\"><figure><img loading=\"lazy\" decoding=\"async\" width=\"1024\" height=\"682\" src=\"https:\/\/asalaranjeiras.org.br\/site\/wp-content\/uploads\/2022\/12\/10-3-1024x682.jpg\" alt=\"\" data-id=\"48672\" data-full-url=\"https:\/\/asalaranjeiras.org.br\/site\/wp-content\/uploads\/2022\/12\/10-3.jpg\" data-link=\"https:\/\/asalaranjeiras.org.br\/site\/uma-noite-de-musica-e-emocao\/10-3-2\/\" class=\"wp-image-48672\" srcset=\"https:\/\/asalaranjeiras.org.br\/site\/wp-content\/uploads\/2022\/12\/10-3-1024x682.jpg 1024w, https:\/\/asalaranjeiras.org.br\/site\/wp-content\/uploads\/2022\/12\/10-3-300x200.jpg 300w, https:\/\/asalaranjeiras.org.br\/site\/wp-content\/uploads\/2022\/12\/10-3-150x100.jpg 150w, https:\/\/asalaranjeiras.org.br\/site\/wp-content\/uploads\/2022\/12\/10-3-768x512.jpg 768w, https:\/\/asalaranjeiras.org.br\/site\/wp-content\/uploads\/2022\/12\/10-3-500x333.jpg 500w, https:\/\/asalaranjeiras.org.br\/site\/wp-content\/uploads\/2022\/12\/10-3-800x533.jpg 800w, https:\/\/asalaranjeiras.org.br\/site\/wp-content\/uploads\/2022\/12\/10-3-600x400.jpg 600w, https:\/\/asalaranjeiras.org.br\/site\/wp-content\/uploads\/2022\/12\/10-3.jpg 1280w\" sizes=\"auto, (max-width: 1024px) 100vw, 1024px\" \/><\/figure><\/li><li class=\"blocks-gallery-item\"><figure><img loading=\"lazy\" decoding=\"async\" width=\"1024\" height=\"682\" src=\"https:\/\/asalaranjeiras.org.br\/site\/wp-content\/uploads\/2022\/12\/Imagem-do-WhatsApp-de-2022-12-08-as-10.26.521-3-1024x682.jpg\" alt=\"\" data-id=\"48673\" data-full-url=\"https:\/\/asalaranjeiras.org.br\/site\/wp-content\/uploads\/2022\/12\/Imagem-do-WhatsApp-de-2022-12-08-as-10.26.521-3.jpg\" data-link=\"https:\/\/asalaranjeiras.org.br\/site\/uma-noite-de-musica-e-emocao\/imagem-do-whatsapp-de-2022-12-08-as-10-26-521-3\/\" class=\"wp-image-48673\" srcset=\"https:\/\/asalaranjeiras.org.br\/site\/wp-content\/uploads\/2022\/12\/Imagem-do-WhatsApp-de-2022-12-08-as-10.26.521-3-1024x682.jpg 1024w, https:\/\/asalaranjeiras.org.br\/site\/wp-content\/uploads\/2022\/12\/Imagem-do-WhatsApp-de-2022-12-08-as-10.26.521-3-300x200.jpg 300w, https:\/\/asalaranjeiras.org.br\/site\/wp-content\/uploads\/2022\/12\/Imagem-do-WhatsApp-de-2022-12-08-as-10.26.521-3-150x100.jpg 150w, https:\/\/asalaranjeiras.org.br\/site\/wp-content\/uploads\/2022\/12\/Imagem-do-WhatsApp-de-2022-12-08-as-10.26.521-3-768x512.jpg 768w, https:\/\/asalaranjeiras.org.br\/site\/wp-content\/uploads\/2022\/12\/Imagem-do-WhatsApp-de-2022-12-08-as-10.26.521-3-500x333.jpg 500w, https:\/\/asalaranjeiras.org.br\/site\/wp-content\/uploads\/2022\/12\/Imagem-do-WhatsApp-de-2022-12-08-as-10.26.521-3-800x533.jpg 800w, https:\/\/asalaranjeiras.org.br\/site\/wp-content\/uploads\/2022\/12\/Imagem-do-WhatsApp-de-2022-12-08-as-10.26.521-3-600x400.jpg 600w, https:\/\/asalaranjeiras.org.br\/site\/wp-content\/uploads\/2022\/12\/Imagem-do-WhatsApp-de-2022-12-08-as-10.26.521-3.jpg 1280w\" sizes=\"auto, (max-width: 1024px) 100vw, 1024px\" \/><\/figure><\/li><li class=\"blocks-gallery-item\"><figure><img loading=\"lazy\" decoding=\"async\" width=\"1024\" height=\"682\" src=\"https:\/\/asalaranjeiras.org.br\/site\/wp-content\/uploads\/2022\/12\/Imagem-do-WhatsApp-de-2022-12-08-as-10.29.46-2-1024x682.jpg\" alt=\"\" data-id=\"48677\" data-full-url=\"https:\/\/asalaranjeiras.org.br\/site\/wp-content\/uploads\/2022\/12\/Imagem-do-WhatsApp-de-2022-12-08-as-10.29.46-2.jpg\" data-link=\"https:\/\/asalaranjeiras.org.br\/site\/uma-noite-de-musica-e-emocao\/imagem-do-whatsapp-de-2022-12-08-as-10-29-46-2\/\" class=\"wp-image-48677\" srcset=\"https:\/\/asalaranjeiras.org.br\/site\/wp-content\/uploads\/2022\/12\/Imagem-do-WhatsApp-de-2022-12-08-as-10.29.46-2-1024x682.jpg 1024w, https:\/\/asalaranjeiras.org.br\/site\/wp-content\/uploads\/2022\/12\/Imagem-do-WhatsApp-de-2022-12-08-as-10.29.46-2-300x200.jpg 300w, https:\/\/asalaranjeiras.org.br\/site\/wp-content\/uploads\/2022\/12\/Imagem-do-WhatsApp-de-2022-12-08-as-10.29.46-2-150x100.jpg 150w, https:\/\/asalaranjeiras.org.br\/site\/wp-content\/uploads\/2022\/12\/Imagem-do-WhatsApp-de-2022-12-08-as-10.29.46-2-768x512.jpg 768w, https:\/\/asalaranjeiras.org.br\/site\/wp-content\/uploads\/2022\/12\/Imagem-do-WhatsApp-de-2022-12-08-as-10.29.46-2-500x333.jpg 500w, https:\/\/asalaranjeiras.org.br\/site\/wp-content\/uploads\/2022\/12\/Imagem-do-WhatsApp-de-2022-12-08-as-10.29.46-2-800x533.jpg 800w, https:\/\/asalaranjeiras.org.br\/site\/wp-content\/uploads\/2022\/12\/Imagem-do-WhatsApp-de-2022-12-08-as-10.29.46-2-600x400.jpg 600w, https:\/\/asalaranjeiras.org.br\/site\/wp-content\/uploads\/2022\/12\/Imagem-do-WhatsApp-de-2022-12-08-as-10.29.46-2.jpg 1280w\" sizes=\"auto, (max-width: 1024px) 100vw, 1024px\" \/><\/figure><\/li><li class=\"blocks-gallery-item\"><figure><img loading=\"lazy\" decoding=\"async\" width=\"1024\" height=\"682\" src=\"https:\/\/asalaranjeiras.org.br\/site\/wp-content\/uploads\/2022\/12\/Imagem-do-WhatsApp-de-2022-12-08-as-10.29.45-2-1024x682.jpg\" alt=\"\" data-id=\"48676\" data-full-url=\"https:\/\/asalaranjeiras.org.br\/site\/wp-content\/uploads\/2022\/12\/Imagem-do-WhatsApp-de-2022-12-08-as-10.29.45-2.jpg\" data-link=\"https:\/\/asalaranjeiras.org.br\/site\/uma-noite-de-musica-e-emocao\/imagem-do-whatsapp-de-2022-12-08-as-10-29-45-2\/\" class=\"wp-image-48676\" srcset=\"https:\/\/asalaranjeiras.org.br\/site\/wp-content\/uploads\/2022\/12\/Imagem-do-WhatsApp-de-2022-12-08-as-10.29.45-2-1024x682.jpg 1024w, https:\/\/asalaranjeiras.org.br\/site\/wp-content\/uploads\/2022\/12\/Imagem-do-WhatsApp-de-2022-12-08-as-10.29.45-2-300x200.jpg 300w, https:\/\/asalaranjeiras.org.br\/site\/wp-content\/uploads\/2022\/12\/Imagem-do-WhatsApp-de-2022-12-08-as-10.29.45-2-150x100.jpg 150w, https:\/\/asalaranjeiras.org.br\/site\/wp-content\/uploads\/2022\/12\/Imagem-do-WhatsApp-de-2022-12-08-as-10.29.45-2-768x512.jpg 768w, https:\/\/asalaranjeiras.org.br\/site\/wp-content\/uploads\/2022\/12\/Imagem-do-WhatsApp-de-2022-12-08-as-10.29.45-2-500x333.jpg 500w, https:\/\/asalaranjeiras.org.br\/site\/wp-content\/uploads\/2022\/12\/Imagem-do-WhatsApp-de-2022-12-08-as-10.29.45-2-800x533.jpg 800w, https:\/\/asalaranjeiras.org.br\/site\/wp-content\/uploads\/2022\/12\/Imagem-do-WhatsApp-de-2022-12-08-as-10.29.45-2-600x400.jpg 600w, https:\/\/asalaranjeiras.org.br\/site\/wp-content\/uploads\/2022\/12\/Imagem-do-WhatsApp-de-2022-12-08-as-10.29.45-2.jpg 1280w\" sizes=\"auto, (max-width: 1024px) 100vw, 1024px\" \/><\/figure><\/li><li class=\"blocks-gallery-item\"><figure><img loading=\"lazy\" decoding=\"async\" width=\"682\" height=\"1024\" src=\"https:\/\/asalaranjeiras.org.br\/site\/wp-content\/uploads\/2022\/12\/Imagem-do-WhatsApp-de-2022-12-08-as-10.29.43-2-682x1024.jpg\" alt=\"\" data-id=\"48674\" data-full-url=\"https:\/\/asalaranjeiras.org.br\/site\/wp-content\/uploads\/2022\/12\/Imagem-do-WhatsApp-de-2022-12-08-as-10.29.43-2.jpg\" data-link=\"https:\/\/asalaranjeiras.org.br\/site\/uma-noite-de-musica-e-emocao\/imagem-do-whatsapp-de-2022-12-08-as-10-29-43-2\/\" class=\"wp-image-48674\" srcset=\"https:\/\/asalaranjeiras.org.br\/site\/wp-content\/uploads\/2022\/12\/Imagem-do-WhatsApp-de-2022-12-08-as-10.29.43-2-682x1024.jpg 682w, https:\/\/asalaranjeiras.org.br\/site\/wp-content\/uploads\/2022\/12\/Imagem-do-WhatsApp-de-2022-12-08-as-10.29.43-2-200x300.jpg 200w, https:\/\/asalaranjeiras.org.br\/site\/wp-content\/uploads\/2022\/12\/Imagem-do-WhatsApp-de-2022-12-08-as-10.29.43-2-100x150.jpg 100w, https:\/\/asalaranjeiras.org.br\/site\/wp-content\/uploads\/2022\/12\/Imagem-do-WhatsApp-de-2022-12-08-as-10.29.43-2-768x1152.jpg 768w, https:\/\/asalaranjeiras.org.br\/site\/wp-content\/uploads\/2022\/12\/Imagem-do-WhatsApp-de-2022-12-08-as-10.29.43-2-500x750.jpg 500w, https:\/\/asalaranjeiras.org.br\/site\/wp-content\/uploads\/2022\/12\/Imagem-do-WhatsApp-de-2022-12-08-as-10.29.43-2-800x1200.jpg 800w, https:\/\/asalaranjeiras.org.br\/site\/wp-content\/uploads\/2022\/12\/Imagem-do-WhatsApp-de-2022-12-08-as-10.29.43-2-600x900.jpg 600w, https:\/\/asalaranjeiras.org.br\/site\/wp-content\/uploads\/2022\/12\/Imagem-do-WhatsApp-de-2022-12-08-as-10.29.43-2.jpg 853w\" sizes=\"auto, (max-width: 682px) 100vw, 682px\" \/><\/figure><\/li><li class=\"blocks-gallery-item\"><figure><img loading=\"lazy\" decoding=\"async\" width=\"682\" height=\"1024\" src=\"https:\/\/asalaranjeiras.org.br\/site\/wp-content\/uploads\/2022\/12\/Imagem-do-WhatsApp-de-2022-12-08-as-10.29.44-2-682x1024.jpg\" alt=\"\" data-id=\"48675\" data-full-url=\"https:\/\/asalaranjeiras.org.br\/site\/wp-content\/uploads\/2022\/12\/Imagem-do-WhatsApp-de-2022-12-08-as-10.29.44-2.jpg\" data-link=\"https:\/\/asalaranjeiras.org.br\/site\/uma-noite-de-musica-e-emocao\/imagem-do-whatsapp-de-2022-12-08-as-10-29-44-2\/\" class=\"wp-image-48675\" srcset=\"https:\/\/asalaranjeiras.org.br\/site\/wp-content\/uploads\/2022\/12\/Imagem-do-WhatsApp-de-2022-12-08-as-10.29.44-2-682x1024.jpg 682w, https:\/\/asalaranjeiras.org.br\/site\/wp-content\/uploads\/2022\/12\/Imagem-do-WhatsApp-de-2022-12-08-as-10.29.44-2-200x300.jpg 200w, https:\/\/asalaranjeiras.org.br\/site\/wp-content\/uploads\/2022\/12\/Imagem-do-WhatsApp-de-2022-12-08-as-10.29.44-2-100x150.jpg 100w, https:\/\/asalaranjeiras.org.br\/site\/wp-content\/uploads\/2022\/12\/Imagem-do-WhatsApp-de-2022-12-08-as-10.29.44-2-768x1152.jpg 768w, https:\/\/asalaranjeiras.org.br\/site\/wp-content\/uploads\/2022\/12\/Imagem-do-WhatsApp-de-2022-12-08-as-10.29.44-2-500x750.jpg 500w, https:\/\/asalaranjeiras.org.br\/site\/wp-content\/uploads\/2022\/12\/Imagem-do-WhatsApp-de-2022-12-08-as-10.29.44-2-800x1200.jpg 800w, https:\/\/asalaranjeiras.org.br\/site\/wp-content\/uploads\/2022\/12\/Imagem-do-WhatsApp-de-2022-12-08-as-10.29.44-2-600x900.jpg 600w, https:\/\/asalaranjeiras.org.br\/site\/wp-content\/uploads\/2022\/12\/Imagem-do-WhatsApp-de-2022-12-08-as-10.29.44-2.jpg 853w\" sizes=\"auto, (max-width: 682px) 100vw, 682px\" \/><\/figure><\/li><li class=\"blocks-gallery-item\"><figure><img loading=\"lazy\" decoding=\"async\" width=\"682\" height=\"1024\" src=\"https:\/\/asalaranjeiras.org.br\/site\/wp-content\/uploads\/2022\/12\/2-3-682x1024.jpg\" alt=\"\" data-id=\"48666\" data-full-url=\"https:\/\/asalaranjeiras.org.br\/site\/wp-content\/uploads\/2022\/12\/2-3.jpg\" data-link=\"https:\/\/asalaranjeiras.org.br\/site\/uma-noite-de-musica-e-emocao\/2-3-3\/\" class=\"wp-image-48666\" srcset=\"https:\/\/asalaranjeiras.org.br\/site\/wp-content\/uploads\/2022\/12\/2-3-682x1024.jpg 682w, https:\/\/asalaranjeiras.org.br\/site\/wp-content\/uploads\/2022\/12\/2-3-200x300.jpg 200w, https:\/\/asalaranjeiras.org.br\/site\/wp-content\/uploads\/2022\/12\/2-3-100x150.jpg 100w, https:\/\/asalaranjeiras.org.br\/site\/wp-content\/uploads\/2022\/12\/2-3-768x1152.jpg 768w, https:\/\/asalaranjeiras.org.br\/site\/wp-content\/uploads\/2022\/12\/2-3-500x750.jpg 500w, https:\/\/asalaranjeiras.org.br\/site\/wp-content\/uploads\/2022\/12\/2-3-800x1200.jpg 800w, https:\/\/asalaranjeiras.org.br\/site\/wp-content\/uploads\/2022\/12\/2-3-600x900.jpg 600w, https:\/\/asalaranjeiras.org.br\/site\/wp-content\/uploads\/2022\/12\/2-3.jpg 853w\" sizes=\"auto, (max-width: 682px) 100vw, 682px\" \/><\/figure><\/li><\/ul><\/figure>\n","protected":false},"excerpt":{"rendered":"<p>No dia 3 de dezembro, encerrando as comemora\u00e7\u00f5es pelos 20 anos da Associa\u00e7\u00e3o Cairu\u00e7u, o Conjunto Musical Cairu\u00e7u apresentou o Recital &#8220;Paz pela Paz&#8221; na Casa da Cultura de Paraty e foi poss\u00edvel presenciar o brilho dos talentos individuais que somados formam um Conjunto Musical competente e afinado que exibe prazer e alegria em tocar. [&hellip;]<\/p>\n","protected":false},"author":2,"featured_media":48651,"comment_status":"closed","ping_status":"open","sticky":false,"template":"","format":"standard","meta":{"_uag_custom_page_level_css":"","ghostkit_customizer_options":"","ghostkit_custom_css":"","ghostkit_custom_js_head":"","ghostkit_custom_js_foot":"","ghostkit_typography":"","footnotes":""},"categories":[56,52],"tags":[],"class_list":["post-48638","post","type-post","status-publish","format-standard","has-post-thumbnail","hentry","category-musicalizacao","category-programa-pedagogico-social"],"uagb_featured_image_src":{"full":["https:\/\/asalaranjeiras.org.br\/site\/wp-content\/uploads\/2022\/12\/Imagem-do-WhatsApp-de-2022-12-08-as-10.26.521-1.jpg",1280,853,false],"thumbnail":["https:\/\/asalaranjeiras.org.br\/site\/wp-content\/uploads\/2022\/12\/Imagem-do-WhatsApp-de-2022-12-08-as-10.26.521-1-150x100.jpg",150,100,true],"medium":["https:\/\/asalaranjeiras.org.br\/site\/wp-content\/uploads\/2022\/12\/Imagem-do-WhatsApp-de-2022-12-08-as-10.26.521-1-300x200.jpg",300,200,true],"medium_large":["https:\/\/asalaranjeiras.org.br\/site\/wp-content\/uploads\/2022\/12\/Imagem-do-WhatsApp-de-2022-12-08-as-10.26.521-1-768x512.jpg",768,512,true],"large":["https:\/\/asalaranjeiras.org.br\/site\/wp-content\/uploads\/2022\/12\/Imagem-do-WhatsApp-de-2022-12-08-as-10.26.521-1-1024x682.jpg",1024,682,true],"1536x1536":["https:\/\/asalaranjeiras.org.br\/site\/wp-content\/uploads\/2022\/12\/Imagem-do-WhatsApp-de-2022-12-08-as-10.26.521-1.jpg",1280,853,false],"2048x2048":["https:\/\/asalaranjeiras.org.br\/site\/wp-content\/uploads\/2022\/12\/Imagem-do-WhatsApp-de-2022-12-08-as-10.26.521-1.jpg",1280,853,false],"awb_sm":["https:\/\/asalaranjeiras.org.br\/site\/wp-content\/uploads\/2022\/12\/Imagem-do-WhatsApp-de-2022-12-08-as-10.26.521-1-500x333.jpg",500,333,true],"awb_md":["https:\/\/asalaranjeiras.org.br\/site\/wp-content\/uploads\/2022\/12\/Imagem-do-WhatsApp-de-2022-12-08-as-10.26.521-1-800x533.jpg",800,533,true],"awb_lg":["https:\/\/asalaranjeiras.org.br\/site\/wp-content\/uploads\/2022\/12\/Imagem-do-WhatsApp-de-2022-12-08-as-10.26.521-1.jpg",1280,853,false],"awb_xl":["https:\/\/asalaranjeiras.org.br\/site\/wp-content\/uploads\/2022\/12\/Imagem-do-WhatsApp-de-2022-12-08-as-10.26.521-1.jpg",1280,853,false],"smr-thumb":["https:\/\/asalaranjeiras.org.br\/site\/wp-content\/uploads\/2022\/12\/Imagem-do-WhatsApp-de-2022-12-08-as-10.26.521-1-805x452.jpg",805,452,true],"smr-thumb-full":["https:\/\/asalaranjeiras.org.br\/site\/wp-content\/uploads\/2022\/12\/Imagem-do-WhatsApp-de-2022-12-08-as-10.26.521-1-1090x613.jpg",1090,613,true]},"uagb_author_info":{"display_name":"Associa\u00e7\u00e3o Cairu\u00e7u","author_link":"https:\/\/asalaranjeiras.org.br\/site\/author\/cairucu\/"},"uagb_comment_info":0,"uagb_excerpt":"No dia 3 de dezembro, encerrando as comemora\u00e7\u00f5es pelos 20 anos da Associa\u00e7\u00e3o Cairu\u00e7u, o Conjunto Musical Cairu\u00e7u apresentou o Recital &#8220;Paz pela Paz&#8221; na Casa da Cultura de Paraty e foi poss\u00edvel presenciar o brilho dos talentos individuais que somados formam um Conjunto Musical competente e afinado que exibe prazer e alegria em tocar.&hellip;","_links":{"self":[{"href":"https:\/\/asalaranjeiras.org.br\/site\/wp-json\/wp\/v2\/posts\/48638","targetHints":{"allow":["GET"]}}],"collection":[{"href":"https:\/\/asalaranjeiras.org.br\/site\/wp-json\/wp\/v2\/posts"}],"about":[{"href":"https:\/\/asalaranjeiras.org.br\/site\/wp-json\/wp\/v2\/types\/post"}],"author":[{"embeddable":true,"href":"https:\/\/asalaranjeiras.org.br\/site\/wp-json\/wp\/v2\/users\/2"}],"replies":[{"embeddable":true,"href":"https:\/\/asalaranjeiras.org.br\/site\/wp-json\/wp\/v2\/comments?post=48638"}],"version-history":[{"count":4,"href":"https:\/\/asalaranjeiras.org.br\/site\/wp-json\/wp\/v2\/posts\/48638\/revisions"}],"predecessor-version":[{"id":48680,"href":"https:\/\/asalaranjeiras.org.br\/site\/wp-json\/wp\/v2\/posts\/48638\/revisions\/48680"}],"wp:featuredmedia":[{"embeddable":true,"href":"https:\/\/asalaranjeiras.org.br\/site\/wp-json\/wp\/v2\/media\/48651"}],"wp:attachment":[{"href":"https:\/\/asalaranjeiras.org.br\/site\/wp-json\/wp\/v2\/media?parent=48638"}],"wp:term":[{"taxonomy":"category","embeddable":true,"href":"https:\/\/asalaranjeiras.org.br\/site\/wp-json\/wp\/v2\/categories?post=48638"},{"taxonomy":"post_tag","embeddable":true,"href":"https:\/\/asalaranjeiras.org.br\/site\/wp-json\/wp\/v2\/tags?post=48638"}],"curies":[{"name":"wp","href":"https:\/\/api.w.org\/{rel}","templated":true}]}}