{"id":48947,"date":"2023-07-12T21:44:05","date_gmt":"2023-07-12T21:44:05","guid":{"rendered":"https:\/\/asalaranjeiras.org.br\/site\/?p=48947"},"modified":"2024-02-26T16:06:48","modified_gmt":"2024-02-26T16:06:48","slug":"associacao-cairucu-marca-presenca-na-mostra-danca-e-arte-paraty","status":"publish","type":"post","link":"https:\/\/asalaranjeiras.org.br\/site\/associacao-cairucu-marca-presenca-na-mostra-danca-e-arte-paraty\/","title":{"rendered":"Associa\u00e7\u00e3o Cairu\u00e7u marca presen\u00e7a na Mostra Dan\u00e7a e Arte Paraty"},"content":{"rendered":"\n<p class=\"has-text-align-center has-medium-font-size\">35 alunos do Grupo de Dan\u00e7a Cairu\u00e7u participaram das apresenta\u00e7\u00f5es<\/p>\n\n\n\n<p>A Associa\u00e7\u00e3o Cairu\u00e7u participou por mais um ano da Mostra Dan\u00e7a e Arte Paraty, realizada pela Prefeitura de Paraty, por meio das secretarias de Turismo e Cultura, e do Paraty Convention &amp; Visitors Bureau, nos dias 22, 23, 24 e 25 de junho, na Pra\u00e7a da Matriz, no Centro Hist\u00f3rico. O evento reuniu companhias de dan\u00e7a de diversas localidades da regi\u00e3o e o Grupo de Dan\u00e7a Cairu\u00e7u animou a \u00faltima noite da Mostra com a participa\u00e7\u00e3o de 35 bailarinos, entre crian\u00e7as, jovens e adultos.<\/p>\n\n\n\n<p>Ao todo, foram sete coreografias nos estilos cl\u00e1ssico, livre e jazz, um duo com sapatilhas de ponta, protagonizado pela bailarina e educadora Elenice Forato e a aluna Lav\u00ednia Santana, 15 anos, al\u00e9m de um solo da mesma aluna.<\/p>\n\n\n\n<p>O espet\u00e1culo contou ainda com a participa\u00e7\u00e3o de tr\u00eas bailarinos, Paulo Vitor Pessoa, Theo Felix e Jos\u00e9 Emanoel do Nascimento, rec\u00e9m chegados ao Grupo de Dan\u00e7a, trazendo a presen\u00e7a masculina para a cena e gerando novas possibilidades de saltos e eleva\u00e7\u00f5es junto \u00e0s bailarinas da turma juvenil.<\/p>\n\n\n\n<p>A turma do Jazz, que conta com mulheres adultas e m\u00e3es de alunos de projetos da Associa\u00e7\u00e3o, tamb\u00e9m foi um destaque. Maria de F\u00e1tima Silva, de 63 anos, moradora do bairro Patrim\u00f4nio, inicialmente resistiu \u00e0 proposta de participar da Mostra, mas aos poucos ficou confort\u00e1vel com a ideia, e mesmo com pouco tempo de prepara\u00e7\u00e3o, realizou uma bela performance e se divertiu tentando algo novo.<\/p>\n\n\n\n<p>Parabenizamos nosso corpo de bailarinos e a educadora Elenice Forato, que com empenho e amor realizaram um grande show para o p\u00fablico presente na Pra\u00e7a da Matriz. Esperamos v\u00ea-los brilhando muito em breve em outros palcos!<\/p>\n\n\n\n<p>O projeto Dan\u00e7a \u00e9 realizado nos Centros de Educa\u00e7\u00e3o Integral Cairu\u00e7u no Patrim\u00f4nio e na Vila Orat\u00f3rio, sob o comando de Elenice h\u00e1 15 anos. Atualmente, o projeto atende 50 participantes.<\/p>\n\n\n\n<figure class=\"wp-block-gallery columns-3 is-cropped wp-block-gallery-1 is-layout-flex wp-block-gallery-is-layout-flex\"><ul class=\"blocks-gallery-grid\"><li class=\"blocks-gallery-item\"><figure><img loading=\"lazy\" decoding=\"async\" width=\"871\" height=\"1306\" src=\"https:\/\/asalaranjeiras.org.br\/site\/wp-content\/uploads\/2023\/07\/12.jpg\" alt=\"\" data-id=\"48970\" data-full-url=\"https:\/\/asalaranjeiras.org.br\/site\/wp-content\/uploads\/2023\/07\/12.jpg\" data-link=\"https:\/\/asalaranjeiras.org.br\/site\/associacao-cairucu-marca-presenca-na-mostra-danca-e-arte-paraty\/12-8\/\" class=\"wp-image-48970\" srcset=\"https:\/\/asalaranjeiras.org.br\/site\/wp-content\/uploads\/2023\/07\/12.jpg 871w, https:\/\/asalaranjeiras.org.br\/site\/wp-content\/uploads\/2023\/07\/12-200x300.jpg 200w, https:\/\/asalaranjeiras.org.br\/site\/wp-content\/uploads\/2023\/07\/12-683x1024.jpg 683w, https:\/\/asalaranjeiras.org.br\/site\/wp-content\/uploads\/2023\/07\/12-100x150.jpg 100w, https:\/\/asalaranjeiras.org.br\/site\/wp-content\/uploads\/2023\/07\/12-768x1152.jpg 768w, https:\/\/asalaranjeiras.org.br\/site\/wp-content\/uploads\/2023\/07\/12-500x750.jpg 500w, https:\/\/asalaranjeiras.org.br\/site\/wp-content\/uploads\/2023\/07\/12-800x1200.jpg 800w, https:\/\/asalaranjeiras.org.br\/site\/wp-content\/uploads\/2023\/07\/12-600x900.jpg 600w\" sizes=\"auto, (max-width: 871px) 100vw, 871px\" \/><\/figure><\/li><li class=\"blocks-gallery-item\"><figure><img loading=\"lazy\" decoding=\"async\" width=\"1000\" height=\"1500\" src=\"https:\/\/asalaranjeiras.org.br\/site\/wp-content\/uploads\/2023\/07\/3.jpg\" alt=\"\" data-id=\"48951\" data-full-url=\"https:\/\/asalaranjeiras.org.br\/site\/wp-content\/uploads\/2023\/07\/3.jpg\" data-link=\"https:\/\/asalaranjeiras.org.br\/site\/associacao-cairucu-marca-presenca-na-mostra-danca-e-arte-paraty\/3-11\/\" class=\"wp-image-48951\" srcset=\"https:\/\/asalaranjeiras.org.br\/site\/wp-content\/uploads\/2023\/07\/3.jpg 1000w, https:\/\/asalaranjeiras.org.br\/site\/wp-content\/uploads\/2023\/07\/3-200x300.jpg 200w, https:\/\/asalaranjeiras.org.br\/site\/wp-content\/uploads\/2023\/07\/3-683x1024.jpg 683w, https:\/\/asalaranjeiras.org.br\/site\/wp-content\/uploads\/2023\/07\/3-100x150.jpg 100w, https:\/\/asalaranjeiras.org.br\/site\/wp-content\/uploads\/2023\/07\/3-768x1152.jpg 768w, https:\/\/asalaranjeiras.org.br\/site\/wp-content\/uploads\/2023\/07\/3-500x750.jpg 500w, https:\/\/asalaranjeiras.org.br\/site\/wp-content\/uploads\/2023\/07\/3-800x1200.jpg 800w, https:\/\/asalaranjeiras.org.br\/site\/wp-content\/uploads\/2023\/07\/3-600x900.jpg 600w\" sizes=\"auto, (max-width: 1000px) 100vw, 1000px\" \/><\/figure><\/li><li class=\"blocks-gallery-item\"><figure><img loading=\"lazy\" decoding=\"async\" width=\"1000\" height=\"1500\" src=\"https:\/\/asalaranjeiras.org.br\/site\/wp-content\/uploads\/2023\/07\/4.jpg\" alt=\"\" data-id=\"48971\" data-full-url=\"https:\/\/asalaranjeiras.org.br\/site\/wp-content\/uploads\/2023\/07\/4.jpg\" data-link=\"https:\/\/asalaranjeiras.org.br\/site\/associacao-cairucu-marca-presenca-na-mostra-danca-e-arte-paraty\/4-7\/\" class=\"wp-image-48971\" srcset=\"https:\/\/asalaranjeiras.org.br\/site\/wp-content\/uploads\/2023\/07\/4.jpg 1000w, https:\/\/asalaranjeiras.org.br\/site\/wp-content\/uploads\/2023\/07\/4-200x300.jpg 200w, https:\/\/asalaranjeiras.org.br\/site\/wp-content\/uploads\/2023\/07\/4-683x1024.jpg 683w, https:\/\/asalaranjeiras.org.br\/site\/wp-content\/uploads\/2023\/07\/4-100x150.jpg 100w, https:\/\/asalaranjeiras.org.br\/site\/wp-content\/uploads\/2023\/07\/4-768x1152.jpg 768w, https:\/\/asalaranjeiras.org.br\/site\/wp-content\/uploads\/2023\/07\/4-500x750.jpg 500w, https:\/\/asalaranjeiras.org.br\/site\/wp-content\/uploads\/2023\/07\/4-800x1200.jpg 800w, https:\/\/asalaranjeiras.org.br\/site\/wp-content\/uploads\/2023\/07\/4-600x900.jpg 600w\" sizes=\"auto, (max-width: 1000px) 100vw, 1000px\" \/><\/figure><\/li><li class=\"blocks-gallery-item\"><figure><img loading=\"lazy\" decoding=\"async\" width=\"1500\" height=\"1000\" src=\"https:\/\/asalaranjeiras.org.br\/site\/wp-content\/uploads\/2023\/07\/2.jpg\" alt=\"\" data-id=\"48950\" data-full-url=\"https:\/\/asalaranjeiras.org.br\/site\/wp-content\/uploads\/2023\/07\/2.jpg\" data-link=\"https:\/\/asalaranjeiras.org.br\/site\/associacao-cairucu-marca-presenca-na-mostra-danca-e-arte-paraty\/2-10\/\" class=\"wp-image-48950\" srcset=\"https:\/\/asalaranjeiras.org.br\/site\/wp-content\/uploads\/2023\/07\/2.jpg 1500w, https:\/\/asalaranjeiras.org.br\/site\/wp-content\/uploads\/2023\/07\/2-300x200.jpg 300w, https:\/\/asalaranjeiras.org.br\/site\/wp-content\/uploads\/2023\/07\/2-1024x683.jpg 1024w, https:\/\/asalaranjeiras.org.br\/site\/wp-content\/uploads\/2023\/07\/2-150x100.jpg 150w, https:\/\/asalaranjeiras.org.br\/site\/wp-content\/uploads\/2023\/07\/2-768x512.jpg 768w, https:\/\/asalaranjeiras.org.br\/site\/wp-content\/uploads\/2023\/07\/2-500x333.jpg 500w, https:\/\/asalaranjeiras.org.br\/site\/wp-content\/uploads\/2023\/07\/2-800x533.jpg 800w, https:\/\/asalaranjeiras.org.br\/site\/wp-content\/uploads\/2023\/07\/2-1280x853.jpg 1280w, https:\/\/asalaranjeiras.org.br\/site\/wp-content\/uploads\/2023\/07\/2-600x400.jpg 600w\" sizes=\"auto, (max-width: 1500px) 100vw, 1500px\" \/><\/figure><\/li><li class=\"blocks-gallery-item\"><figure><img loading=\"lazy\" decoding=\"async\" width=\"1500\" height=\"1000\" src=\"https:\/\/asalaranjeiras.org.br\/site\/wp-content\/uploads\/2023\/07\/1.jpg\" alt=\"\" data-id=\"48948\" data-full-url=\"https:\/\/asalaranjeiras.org.br\/site\/wp-content\/uploads\/2023\/07\/1.jpg\" data-link=\"https:\/\/asalaranjeiras.org.br\/site\/associacao-cairucu-marca-presenca-na-mostra-danca-e-arte-paraty\/1-14\/\" class=\"wp-image-48948\" srcset=\"https:\/\/asalaranjeiras.org.br\/site\/wp-content\/uploads\/2023\/07\/1.jpg 1500w, https:\/\/asalaranjeiras.org.br\/site\/wp-content\/uploads\/2023\/07\/1-300x200.jpg 300w, https:\/\/asalaranjeiras.org.br\/site\/wp-content\/uploads\/2023\/07\/1-1024x683.jpg 1024w, https:\/\/asalaranjeiras.org.br\/site\/wp-content\/uploads\/2023\/07\/1-150x100.jpg 150w, https:\/\/asalaranjeiras.org.br\/site\/wp-content\/uploads\/2023\/07\/1-768x512.jpg 768w, https:\/\/asalaranjeiras.org.br\/site\/wp-content\/uploads\/2023\/07\/1-500x333.jpg 500w, https:\/\/asalaranjeiras.org.br\/site\/wp-content\/uploads\/2023\/07\/1-800x533.jpg 800w, https:\/\/asalaranjeiras.org.br\/site\/wp-content\/uploads\/2023\/07\/1-1280x853.jpg 1280w, https:\/\/asalaranjeiras.org.br\/site\/wp-content\/uploads\/2023\/07\/1-600x400.jpg 600w\" sizes=\"auto, (max-width: 1500px) 100vw, 1500px\" \/><\/figure><\/li><li class=\"blocks-gallery-item\"><figure><img loading=\"lazy\" decoding=\"async\" width=\"1500\" height=\"1000\" src=\"https:\/\/asalaranjeiras.org.br\/site\/wp-content\/uploads\/2023\/07\/5.jpg\" alt=\"\" data-id=\"48952\" data-full-url=\"https:\/\/asalaranjeiras.org.br\/site\/wp-content\/uploads\/2023\/07\/5.jpg\" data-link=\"https:\/\/asalaranjeiras.org.br\/site\/associacao-cairucu-marca-presenca-na-mostra-danca-e-arte-paraty\/5-6\/\" class=\"wp-image-48952\" srcset=\"https:\/\/asalaranjeiras.org.br\/site\/wp-content\/uploads\/2023\/07\/5.jpg 1500w, https:\/\/asalaranjeiras.org.br\/site\/wp-content\/uploads\/2023\/07\/5-300x200.jpg 300w, https:\/\/asalaranjeiras.org.br\/site\/wp-content\/uploads\/2023\/07\/5-1024x683.jpg 1024w, https:\/\/asalaranjeiras.org.br\/site\/wp-content\/uploads\/2023\/07\/5-150x100.jpg 150w, https:\/\/asalaranjeiras.org.br\/site\/wp-content\/uploads\/2023\/07\/5-768x512.jpg 768w, https:\/\/asalaranjeiras.org.br\/site\/wp-content\/uploads\/2023\/07\/5-500x333.jpg 500w, https:\/\/asalaranjeiras.org.br\/site\/wp-content\/uploads\/2023\/07\/5-800x533.jpg 800w, https:\/\/asalaranjeiras.org.br\/site\/wp-content\/uploads\/2023\/07\/5-1280x853.jpg 1280w, https:\/\/asalaranjeiras.org.br\/site\/wp-content\/uploads\/2023\/07\/5-600x400.jpg 600w\" sizes=\"auto, (max-width: 1500px) 100vw, 1500px\" \/><\/figure><\/li><li class=\"blocks-gallery-item\"><figure><img loading=\"lazy\" decoding=\"async\" width=\"1500\" height=\"1000\" src=\"https:\/\/asalaranjeiras.org.br\/site\/wp-content\/uploads\/2023\/07\/6.jpg\" alt=\"\" data-id=\"48953\" data-full-url=\"https:\/\/asalaranjeiras.org.br\/site\/wp-content\/uploads\/2023\/07\/6.jpg\" data-link=\"https:\/\/asalaranjeiras.org.br\/site\/associacao-cairucu-marca-presenca-na-mostra-danca-e-arte-paraty\/6-5\/\" class=\"wp-image-48953\" srcset=\"https:\/\/asalaranjeiras.org.br\/site\/wp-content\/uploads\/2023\/07\/6.jpg 1500w, https:\/\/asalaranjeiras.org.br\/site\/wp-content\/uploads\/2023\/07\/6-300x200.jpg 300w, https:\/\/asalaranjeiras.org.br\/site\/wp-content\/uploads\/2023\/07\/6-1024x683.jpg 1024w, https:\/\/asalaranjeiras.org.br\/site\/wp-content\/uploads\/2023\/07\/6-150x100.jpg 150w, https:\/\/asalaranjeiras.org.br\/site\/wp-content\/uploads\/2023\/07\/6-768x512.jpg 768w, https:\/\/asalaranjeiras.org.br\/site\/wp-content\/uploads\/2023\/07\/6-500x333.jpg 500w, https:\/\/asalaranjeiras.org.br\/site\/wp-content\/uploads\/2023\/07\/6-800x533.jpg 800w, https:\/\/asalaranjeiras.org.br\/site\/wp-content\/uploads\/2023\/07\/6-1280x853.jpg 1280w, https:\/\/asalaranjeiras.org.br\/site\/wp-content\/uploads\/2023\/07\/6-600x400.jpg 600w\" sizes=\"auto, (max-width: 1500px) 100vw, 1500px\" \/><\/figure><\/li><li class=\"blocks-gallery-item\"><figure><img loading=\"lazy\" decoding=\"async\" width=\"1500\" height=\"1000\" src=\"https:\/\/asalaranjeiras.org.br\/site\/wp-content\/uploads\/2023\/07\/7.jpg\" alt=\"\" data-id=\"48954\" data-full-url=\"https:\/\/asalaranjeiras.org.br\/site\/wp-content\/uploads\/2023\/07\/7.jpg\" data-link=\"https:\/\/asalaranjeiras.org.br\/site\/associacao-cairucu-marca-presenca-na-mostra-danca-e-arte-paraty\/7-6\/\" class=\"wp-image-48954\" srcset=\"https:\/\/asalaranjeiras.org.br\/site\/wp-content\/uploads\/2023\/07\/7.jpg 1500w, https:\/\/asalaranjeiras.org.br\/site\/wp-content\/uploads\/2023\/07\/7-300x200.jpg 300w, https:\/\/asalaranjeiras.org.br\/site\/wp-content\/uploads\/2023\/07\/7-1024x683.jpg 1024w, https:\/\/asalaranjeiras.org.br\/site\/wp-content\/uploads\/2023\/07\/7-150x100.jpg 150w, https:\/\/asalaranjeiras.org.br\/site\/wp-content\/uploads\/2023\/07\/7-768x512.jpg 768w, https:\/\/asalaranjeiras.org.br\/site\/wp-content\/uploads\/2023\/07\/7-500x333.jpg 500w, https:\/\/asalaranjeiras.org.br\/site\/wp-content\/uploads\/2023\/07\/7-800x533.jpg 800w, https:\/\/asalaranjeiras.org.br\/site\/wp-content\/uploads\/2023\/07\/7-1280x853.jpg 1280w, https:\/\/asalaranjeiras.org.br\/site\/wp-content\/uploads\/2023\/07\/7-600x400.jpg 600w\" sizes=\"auto, (max-width: 1500px) 100vw, 1500px\" \/><\/figure><\/li><li class=\"blocks-gallery-item\"><figure><img loading=\"lazy\" decoding=\"async\" width=\"1500\" height=\"1000\" src=\"https:\/\/asalaranjeiras.org.br\/site\/wp-content\/uploads\/2023\/07\/8.jpg\" alt=\"\" data-id=\"48955\" data-full-url=\"https:\/\/asalaranjeiras.org.br\/site\/wp-content\/uploads\/2023\/07\/8.jpg\" data-link=\"https:\/\/asalaranjeiras.org.br\/site\/associacao-cairucu-marca-presenca-na-mostra-danca-e-arte-paraty\/8-6\/\" class=\"wp-image-48955\" srcset=\"https:\/\/asalaranjeiras.org.br\/site\/wp-content\/uploads\/2023\/07\/8.jpg 1500w, https:\/\/asalaranjeiras.org.br\/site\/wp-content\/uploads\/2023\/07\/8-300x200.jpg 300w, https:\/\/asalaranjeiras.org.br\/site\/wp-content\/uploads\/2023\/07\/8-1024x683.jpg 1024w, https:\/\/asalaranjeiras.org.br\/site\/wp-content\/uploads\/2023\/07\/8-150x100.jpg 150w, https:\/\/asalaranjeiras.org.br\/site\/wp-content\/uploads\/2023\/07\/8-768x512.jpg 768w, https:\/\/asalaranjeiras.org.br\/site\/wp-content\/uploads\/2023\/07\/8-500x333.jpg 500w, https:\/\/asalaranjeiras.org.br\/site\/wp-content\/uploads\/2023\/07\/8-800x533.jpg 800w, https:\/\/asalaranjeiras.org.br\/site\/wp-content\/uploads\/2023\/07\/8-1280x853.jpg 1280w, https:\/\/asalaranjeiras.org.br\/site\/wp-content\/uploads\/2023\/07\/8-600x400.jpg 600w\" sizes=\"auto, (max-width: 1500px) 100vw, 1500px\" \/><\/figure><\/li><li class=\"blocks-gallery-item\"><figure><img loading=\"lazy\" decoding=\"async\" width=\"1500\" height=\"1000\" src=\"https:\/\/asalaranjeiras.org.br\/site\/wp-content\/uploads\/2023\/07\/10.jpg\" alt=\"\" data-id=\"48956\" data-full-url=\"https:\/\/asalaranjeiras.org.br\/site\/wp-content\/uploads\/2023\/07\/10.jpg\" data-link=\"https:\/\/asalaranjeiras.org.br\/site\/associacao-cairucu-marca-presenca-na-mostra-danca-e-arte-paraty\/10-6\/\" class=\"wp-image-48956\" srcset=\"https:\/\/asalaranjeiras.org.br\/site\/wp-content\/uploads\/2023\/07\/10.jpg 1500w, https:\/\/asalaranjeiras.org.br\/site\/wp-content\/uploads\/2023\/07\/10-300x200.jpg 300w, https:\/\/asalaranjeiras.org.br\/site\/wp-content\/uploads\/2023\/07\/10-1024x683.jpg 1024w, https:\/\/asalaranjeiras.org.br\/site\/wp-content\/uploads\/2023\/07\/10-150x100.jpg 150w, https:\/\/asalaranjeiras.org.br\/site\/wp-content\/uploads\/2023\/07\/10-768x512.jpg 768w, https:\/\/asalaranjeiras.org.br\/site\/wp-content\/uploads\/2023\/07\/10-500x333.jpg 500w, https:\/\/asalaranjeiras.org.br\/site\/wp-content\/uploads\/2023\/07\/10-800x533.jpg 800w, https:\/\/asalaranjeiras.org.br\/site\/wp-content\/uploads\/2023\/07\/10-1280x853.jpg 1280w, https:\/\/asalaranjeiras.org.br\/site\/wp-content\/uploads\/2023\/07\/10-600x400.jpg 600w\" sizes=\"auto, (max-width: 1500px) 100vw, 1500px\" \/><\/figure><\/li><li class=\"blocks-gallery-item\"><figure><img loading=\"lazy\" decoding=\"async\" width=\"1500\" height=\"1000\" src=\"https:\/\/asalaranjeiras.org.br\/site\/wp-content\/uploads\/2023\/07\/11.jpg\" alt=\"\" data-id=\"48957\" data-full-url=\"https:\/\/asalaranjeiras.org.br\/site\/wp-content\/uploads\/2023\/07\/11.jpg\" data-link=\"https:\/\/asalaranjeiras.org.br\/site\/associacao-cairucu-marca-presenca-na-mostra-danca-e-arte-paraty\/11-6\/\" class=\"wp-image-48957\" srcset=\"https:\/\/asalaranjeiras.org.br\/site\/wp-content\/uploads\/2023\/07\/11.jpg 1500w, https:\/\/asalaranjeiras.org.br\/site\/wp-content\/uploads\/2023\/07\/11-300x200.jpg 300w, https:\/\/asalaranjeiras.org.br\/site\/wp-content\/uploads\/2023\/07\/11-1024x683.jpg 1024w, https:\/\/asalaranjeiras.org.br\/site\/wp-content\/uploads\/2023\/07\/11-150x100.jpg 150w, https:\/\/asalaranjeiras.org.br\/site\/wp-content\/uploads\/2023\/07\/11-768x512.jpg 768w, https:\/\/asalaranjeiras.org.br\/site\/wp-content\/uploads\/2023\/07\/11-500x333.jpg 500w, https:\/\/asalaranjeiras.org.br\/site\/wp-content\/uploads\/2023\/07\/11-800x533.jpg 800w, https:\/\/asalaranjeiras.org.br\/site\/wp-content\/uploads\/2023\/07\/11-1280x853.jpg 1280w, https:\/\/asalaranjeiras.org.br\/site\/wp-content\/uploads\/2023\/07\/11-600x400.jpg 600w\" sizes=\"auto, (max-width: 1500px) 100vw, 1500px\" \/><\/figure><\/li><li class=\"blocks-gallery-item\"><figure><img loading=\"lazy\" decoding=\"async\" width=\"1500\" height=\"1000\" src=\"https:\/\/asalaranjeiras.org.br\/site\/wp-content\/uploads\/2023\/07\/13.jpg\" alt=\"\" data-id=\"48958\" data-full-url=\"https:\/\/asalaranjeiras.org.br\/site\/wp-content\/uploads\/2023\/07\/13.jpg\" data-link=\"https:\/\/asalaranjeiras.org.br\/site\/associacao-cairucu-marca-presenca-na-mostra-danca-e-arte-paraty\/13-6\/\" class=\"wp-image-48958\" srcset=\"https:\/\/asalaranjeiras.org.br\/site\/wp-content\/uploads\/2023\/07\/13.jpg 1500w, https:\/\/asalaranjeiras.org.br\/site\/wp-content\/uploads\/2023\/07\/13-300x200.jpg 300w, https:\/\/asalaranjeiras.org.br\/site\/wp-content\/uploads\/2023\/07\/13-1024x683.jpg 1024w, https:\/\/asalaranjeiras.org.br\/site\/wp-content\/uploads\/2023\/07\/13-150x100.jpg 150w, https:\/\/asalaranjeiras.org.br\/site\/wp-content\/uploads\/2023\/07\/13-768x512.jpg 768w, https:\/\/asalaranjeiras.org.br\/site\/wp-content\/uploads\/2023\/07\/13-500x333.jpg 500w, https:\/\/asalaranjeiras.org.br\/site\/wp-content\/uploads\/2023\/07\/13-800x533.jpg 800w, https:\/\/asalaranjeiras.org.br\/site\/wp-content\/uploads\/2023\/07\/13-1280x853.jpg 1280w, https:\/\/asalaranjeiras.org.br\/site\/wp-content\/uploads\/2023\/07\/13-600x400.jpg 600w\" sizes=\"auto, (max-width: 1500px) 100vw, 1500px\" \/><\/figure><\/li><li class=\"blocks-gallery-item\"><figure><img loading=\"lazy\" decoding=\"async\" width=\"1500\" height=\"1000\" src=\"https:\/\/asalaranjeiras.org.br\/site\/wp-content\/uploads\/2023\/07\/14.jpg\" alt=\"\" data-id=\"48959\" data-full-url=\"https:\/\/asalaranjeiras.org.br\/site\/wp-content\/uploads\/2023\/07\/14.jpg\" data-link=\"https:\/\/asalaranjeiras.org.br\/site\/associacao-cairucu-marca-presenca-na-mostra-danca-e-arte-paraty\/14-6\/\" class=\"wp-image-48959\" srcset=\"https:\/\/asalaranjeiras.org.br\/site\/wp-content\/uploads\/2023\/07\/14.jpg 1500w, https:\/\/asalaranjeiras.org.br\/site\/wp-content\/uploads\/2023\/07\/14-300x200.jpg 300w, https:\/\/asalaranjeiras.org.br\/site\/wp-content\/uploads\/2023\/07\/14-1024x683.jpg 1024w, https:\/\/asalaranjeiras.org.br\/site\/wp-content\/uploads\/2023\/07\/14-150x100.jpg 150w, https:\/\/asalaranjeiras.org.br\/site\/wp-content\/uploads\/2023\/07\/14-768x512.jpg 768w, https:\/\/asalaranjeiras.org.br\/site\/wp-content\/uploads\/2023\/07\/14-500x333.jpg 500w, https:\/\/asalaranjeiras.org.br\/site\/wp-content\/uploads\/2023\/07\/14-800x533.jpg 800w, https:\/\/asalaranjeiras.org.br\/site\/wp-content\/uploads\/2023\/07\/14-1280x853.jpg 1280w, https:\/\/asalaranjeiras.org.br\/site\/wp-content\/uploads\/2023\/07\/14-600x400.jpg 600w\" sizes=\"auto, (max-width: 1500px) 100vw, 1500px\" \/><\/figure><\/li><li class=\"blocks-gallery-item\"><figure><img loading=\"lazy\" decoding=\"async\" width=\"1500\" height=\"1000\" src=\"https:\/\/asalaranjeiras.org.br\/site\/wp-content\/uploads\/2023\/07\/15.jpg\" alt=\"\" data-id=\"48960\" data-full-url=\"https:\/\/asalaranjeiras.org.br\/site\/wp-content\/uploads\/2023\/07\/15.jpg\" data-link=\"https:\/\/asalaranjeiras.org.br\/site\/associacao-cairucu-marca-presenca-na-mostra-danca-e-arte-paraty\/15-5\/\" class=\"wp-image-48960\" srcset=\"https:\/\/asalaranjeiras.org.br\/site\/wp-content\/uploads\/2023\/07\/15.jpg 1500w, https:\/\/asalaranjeiras.org.br\/site\/wp-content\/uploads\/2023\/07\/15-300x200.jpg 300w, https:\/\/asalaranjeiras.org.br\/site\/wp-content\/uploads\/2023\/07\/15-1024x683.jpg 1024w, https:\/\/asalaranjeiras.org.br\/site\/wp-content\/uploads\/2023\/07\/15-150x100.jpg 150w, https:\/\/asalaranjeiras.org.br\/site\/wp-content\/uploads\/2023\/07\/15-768x512.jpg 768w, https:\/\/asalaranjeiras.org.br\/site\/wp-content\/uploads\/2023\/07\/15-500x333.jpg 500w, https:\/\/asalaranjeiras.org.br\/site\/wp-content\/uploads\/2023\/07\/15-800x533.jpg 800w, https:\/\/asalaranjeiras.org.br\/site\/wp-content\/uploads\/2023\/07\/15-1280x853.jpg 1280w, https:\/\/asalaranjeiras.org.br\/site\/wp-content\/uploads\/2023\/07\/15-600x400.jpg 600w\" sizes=\"auto, (max-width: 1500px) 100vw, 1500px\" \/><\/figure><\/li><li class=\"blocks-gallery-item\"><figure><img loading=\"lazy\" decoding=\"async\" width=\"1600\" height=\"1066\" src=\"https:\/\/asalaranjeiras.org.br\/site\/wp-content\/uploads\/2023\/07\/destaque.jpg\" alt=\"\" data-id=\"48945\" data-full-url=\"https:\/\/asalaranjeiras.org.br\/site\/wp-content\/uploads\/2023\/07\/destaque.jpg\" data-link=\"https:\/\/asalaranjeiras.org.br\/site\/home-2\/destaque-4\/\" class=\"wp-image-48945\" srcset=\"https:\/\/asalaranjeiras.org.br\/site\/wp-content\/uploads\/2023\/07\/destaque.jpg 1600w, https:\/\/asalaranjeiras.org.br\/site\/wp-content\/uploads\/2023\/07\/destaque-300x200.jpg 300w, https:\/\/asalaranjeiras.org.br\/site\/wp-content\/uploads\/2023\/07\/destaque-1024x682.jpg 1024w, https:\/\/asalaranjeiras.org.br\/site\/wp-content\/uploads\/2023\/07\/destaque-150x100.jpg 150w, https:\/\/asalaranjeiras.org.br\/site\/wp-content\/uploads\/2023\/07\/destaque-768x512.jpg 768w, https:\/\/asalaranjeiras.org.br\/site\/wp-content\/uploads\/2023\/07\/destaque-1536x1023.jpg 1536w, https:\/\/asalaranjeiras.org.br\/site\/wp-content\/uploads\/2023\/07\/destaque-500x333.jpg 500w, https:\/\/asalaranjeiras.org.br\/site\/wp-content\/uploads\/2023\/07\/destaque-800x533.jpg 800w, https:\/\/asalaranjeiras.org.br\/site\/wp-content\/uploads\/2023\/07\/destaque-1280x853.jpg 1280w, https:\/\/asalaranjeiras.org.br\/site\/wp-content\/uploads\/2023\/07\/destaque-600x400.jpg 600w\" sizes=\"auto, (max-width: 1600px) 100vw, 1600px\" \/><\/figure><\/li><\/ul><\/figure>\n","protected":false},"excerpt":{"rendered":"<p>35 alunos do Grupo de Dan\u00e7a Cairu\u00e7u participaram das apresenta\u00e7\u00f5es A Associa\u00e7\u00e3o Cairu\u00e7u participou por mais um ano da Mostra Dan\u00e7a e Arte Paraty, realizada pela Prefeitura de Paraty, por meio das secretarias de Turismo e Cultura, e do Paraty Convention &amp; Visitors Bureau, nos dias 22, 23, 24 e 25 de junho, na Pra\u00e7a [&hellip;]<\/p>\n","protected":false},"author":2,"featured_media":48949,"comment_status":"closed","ping_status":"open","sticky":false,"template":"","format":"standard","meta":{"_uag_custom_page_level_css":"","ghostkit_customizer_options":"","ghostkit_custom_css":"","ghostkit_custom_js_head":"","ghostkit_custom_js_foot":"","ghostkit_typography":"","footnotes":""},"categories":[55,52],"tags":[],"class_list":["post-48947","post","type-post","status-publish","format-standard","has-post-thumbnail","hentry","category-danca","category-programa-pedagogico-social"],"uagb_featured_image_src":{"full":["https:\/\/asalaranjeiras.org.br\/site\/wp-content\/uploads\/2023\/07\/destaque-1.jpg",1600,1066,false],"thumbnail":["https:\/\/asalaranjeiras.org.br\/site\/wp-content\/uploads\/2023\/07\/destaque-1-150x100.jpg",150,100,true],"medium":["https:\/\/asalaranjeiras.org.br\/site\/wp-content\/uploads\/2023\/07\/destaque-1-300x200.jpg",300,200,true],"medium_large":["https:\/\/asalaranjeiras.org.br\/site\/wp-content\/uploads\/2023\/07\/destaque-1-768x512.jpg",768,512,true],"large":["https:\/\/asalaranjeiras.org.br\/site\/wp-content\/uploads\/2023\/07\/destaque-1-1024x682.jpg",1024,682,true],"1536x1536":["https:\/\/asalaranjeiras.org.br\/site\/wp-content\/uploads\/2023\/07\/destaque-1-1536x1023.jpg",1536,1023,true],"2048x2048":["https:\/\/asalaranjeiras.org.br\/site\/wp-content\/uploads\/2023\/07\/destaque-1.jpg",1600,1066,false],"awb_sm":["https:\/\/asalaranjeiras.org.br\/site\/wp-content\/uploads\/2023\/07\/destaque-1-500x333.jpg",500,333,true],"awb_md":["https:\/\/asalaranjeiras.org.br\/site\/wp-content\/uploads\/2023\/07\/destaque-1-800x533.jpg",800,533,true],"awb_lg":["https:\/\/asalaranjeiras.org.br\/site\/wp-content\/uploads\/2023\/07\/destaque-1-1280x853.jpg",1280,853,true],"awb_xl":["https:\/\/asalaranjeiras.org.br\/site\/wp-content\/uploads\/2023\/07\/destaque-1.jpg",1600,1066,false],"smr-thumb":["https:\/\/asalaranjeiras.org.br\/site\/wp-content\/uploads\/2023\/07\/destaque-1-805x452.jpg",805,452,true],"smr-thumb-full":["https:\/\/asalaranjeiras.org.br\/site\/wp-content\/uploads\/2023\/07\/destaque-1-1090x613.jpg",1090,613,true]},"uagb_author_info":{"display_name":"Associa\u00e7\u00e3o Cairu\u00e7u","author_link":"https:\/\/asalaranjeiras.org.br\/site\/author\/cairucu\/"},"uagb_comment_info":0,"uagb_excerpt":"35 alunos do Grupo de Dan\u00e7a Cairu\u00e7u participaram das apresenta\u00e7\u00f5es A Associa\u00e7\u00e3o Cairu\u00e7u participou por mais um ano da Mostra Dan\u00e7a e Arte Paraty, realizada pela Prefeitura de Paraty, por meio das secretarias de Turismo e Cultura, e do Paraty Convention &amp; Visitors Bureau, nos dias 22, 23, 24 e 25 de junho, na Pra\u00e7a&hellip;","_links":{"self":[{"href":"https:\/\/asalaranjeiras.org.br\/site\/wp-json\/wp\/v2\/posts\/48947","targetHints":{"allow":["GET"]}}],"collection":[{"href":"https:\/\/asalaranjeiras.org.br\/site\/wp-json\/wp\/v2\/posts"}],"about":[{"href":"https:\/\/asalaranjeiras.org.br\/site\/wp-json\/wp\/v2\/types\/post"}],"author":[{"embeddable":true,"href":"https:\/\/asalaranjeiras.org.br\/site\/wp-json\/wp\/v2\/users\/2"}],"replies":[{"embeddable":true,"href":"https:\/\/asalaranjeiras.org.br\/site\/wp-json\/wp\/v2\/comments?post=48947"}],"version-history":[{"count":5,"href":"https:\/\/asalaranjeiras.org.br\/site\/wp-json\/wp\/v2\/posts\/48947\/revisions"}],"predecessor-version":[{"id":48972,"href":"https:\/\/asalaranjeiras.org.br\/site\/wp-json\/wp\/v2\/posts\/48947\/revisions\/48972"}],"wp:featuredmedia":[{"embeddable":true,"href":"https:\/\/asalaranjeiras.org.br\/site\/wp-json\/wp\/v2\/media\/48949"}],"wp:attachment":[{"href":"https:\/\/asalaranjeiras.org.br\/site\/wp-json\/wp\/v2\/media?parent=48947"}],"wp:term":[{"taxonomy":"category","embeddable":true,"href":"https:\/\/asalaranjeiras.org.br\/site\/wp-json\/wp\/v2\/categories?post=48947"},{"taxonomy":"post_tag","embeddable":true,"href":"https:\/\/asalaranjeiras.org.br\/site\/wp-json\/wp\/v2\/tags?post=48947"}],"curies":[{"name":"wp","href":"https:\/\/api.w.org\/{rel}","templated":true}]}}