{"id":5585,"date":"2020-05-05T18:40:15","date_gmt":"2020-05-05T18:40:15","guid":{"rendered":"https:\/\/asalaranjeiras.org.br\/site\/?p=5585"},"modified":"2023-08-21T11:45:04","modified_gmt":"2023-08-21T11:45:04","slug":"artes-em-tempos-de-quarentena","status":"publish","type":"post","link":"https:\/\/asalaranjeiras.org.br\/site\/artes-em-tempos-de-quarentena\/","title":{"rendered":"ARTES EM TEMPOS DE QUARENTENA"},"content":{"rendered":"\n<hr class=\"wp-block-separator\"\/>\n\n\n\n<p class=\"has-drop-cap\">A equipe do\nPrograma Arte e Educa\u00e7\u00e3o produziu Kits de artes com materiais pedag\u00f3gicos e\nart\u00edsticos, dos Centros de Educa\u00e7\u00e3o Integral Cairu\u00e7u e, distribuiu entre as\nfam\u00edlias das crian\u00e7as e adolescentes que participam das atividades nos espa\u00e7os\neducativos da Associa\u00e7\u00e3o Cairu\u00e7u.<\/p>\n\n\n\n<p><strong>&nbsp;\u201cA equipe observou que muitas crian\u00e7as estavam\ncarentes desses materiais para expressarem seus desenhos, suas pinturas e a\ncriatividade.&nbsp; Assim, organizamos com as\nmonitoras dos espa\u00e7os os kits, seguindo os procedimentos de higieniza\u00e7\u00e3o e uso\nde m\u00e1scaras para o manuseio e montagem do material, e tamb\u00e9m o distanciamento\nsocial para a entrega.\u201d<\/strong>(Andr\u00e9ia do Almo, coordenadora do Programa Arte e Educa\u00e7\u00e3o).<\/p>\n\n\n\n<p>\u00a0O resultado \u00e9 hoje expresso nos grupos de Whatsapp dos Projetos do Programa, com as postagens de desenhos, colagem e depoimentos como esse<strong>: \u201cEm meio a todo o caos e trag\u00e9dias que o mundo est\u00e1 presenciando nesse momento, ter iniciativas como essa, que mesmo apesar da dist\u00e2ncia procuram \u00a0instigar o conhecimento e a criatividade, nas crian\u00e7as \u00e9 de extrema import\u00e2ncia, porque, eu acredito que isso mostra como todos estamos n\u00e3o s\u00f3 preocupados com o momento que estamos enfrentando mas como tamb\u00e9m, preocupados com nossos filhos, achando meios de continuar, com as artes e com a cultura<\/strong>[w1]\u00a0<strong>. E esses meios se d\u00e3o atrav\u00e9s das atividades a dist\u00e2ncia que tanto eu como minha filha adoramos.\u201d(<\/strong>Marissol Ramos M\u00e1ximo Ribeiro, m\u00e3e da Maria J\u00falia ,10 anos\u201d)<\/p>\n\n\n\n<hr class=\"wp-block-separator\"\/>\n\n\n\n<ul class=\"wp-block-gallery columns-3 is-cropped wp-block-gallery-1 is-layout-flex wp-block-gallery-is-layout-flex\"><li class=\"blocks-gallery-item\"><figure><img loading=\"lazy\" decoding=\"async\" width=\"576\" height=\"1024\" src=\"https:\/\/asalaranjeiras.org.br\/site\/wp-content\/uploads\/2020\/05\/WhatsApp-Image-2020-05-05-at-12.42.09-576x1024.jpeg\" alt=\"\" data-id=\"5587\" data-link=\"https:\/\/asalaranjeiras.org.br\/site\/?attachment_id=5587\" class=\"wp-image-5587\" srcset=\"https:\/\/asalaranjeiras.org.br\/site\/wp-content\/uploads\/2020\/05\/WhatsApp-Image-2020-05-05-at-12.42.09-576x1024.jpeg 576w, https:\/\/asalaranjeiras.org.br\/site\/wp-content\/uploads\/2020\/05\/WhatsApp-Image-2020-05-05-at-12.42.09-84x150.jpeg 84w, https:\/\/asalaranjeiras.org.br\/site\/wp-content\/uploads\/2020\/05\/WhatsApp-Image-2020-05-05-at-12.42.09-169x300.jpeg 169w, https:\/\/asalaranjeiras.org.br\/site\/wp-content\/uploads\/2020\/05\/WhatsApp-Image-2020-05-05-at-12.42.09-600x1067.jpeg 600w, https:\/\/asalaranjeiras.org.br\/site\/wp-content\/uploads\/2020\/05\/WhatsApp-Image-2020-05-05-at-12.42.09.jpeg 720w\" sizes=\"auto, (max-width: 576px) 100vw, 576px\" \/><\/figure><\/li><li class=\"blocks-gallery-item\"><figure><img loading=\"lazy\" decoding=\"async\" width=\"576\" height=\"1024\" src=\"https:\/\/asalaranjeiras.org.br\/site\/wp-content\/uploads\/2020\/05\/WhatsApp-Image-2020-05-05-at-12.42.10-1-576x1024.jpeg\" alt=\"\" data-id=\"5588\" data-link=\"https:\/\/asalaranjeiras.org.br\/site\/?attachment_id=5588\" class=\"wp-image-5588\" srcset=\"https:\/\/asalaranjeiras.org.br\/site\/wp-content\/uploads\/2020\/05\/WhatsApp-Image-2020-05-05-at-12.42.10-1-576x1024.jpeg 576w, https:\/\/asalaranjeiras.org.br\/site\/wp-content\/uploads\/2020\/05\/WhatsApp-Image-2020-05-05-at-12.42.10-1-84x150.jpeg 84w, https:\/\/asalaranjeiras.org.br\/site\/wp-content\/uploads\/2020\/05\/WhatsApp-Image-2020-05-05-at-12.42.10-1-169x300.jpeg 169w, https:\/\/asalaranjeiras.org.br\/site\/wp-content\/uploads\/2020\/05\/WhatsApp-Image-2020-05-05-at-12.42.10-1-600x1067.jpeg 600w, https:\/\/asalaranjeiras.org.br\/site\/wp-content\/uploads\/2020\/05\/WhatsApp-Image-2020-05-05-at-12.42.10-1.jpeg 720w\" sizes=\"auto, (max-width: 576px) 100vw, 576px\" \/><\/figure><\/li><li class=\"blocks-gallery-item\"><figure><img loading=\"lazy\" decoding=\"async\" width=\"730\" height=\"1024\" src=\"https:\/\/asalaranjeiras.org.br\/site\/wp-content\/uploads\/2020\/05\/WhatsApp-Image-2020-05-05-at-12.42.10-2-730x1024.jpeg\" alt=\"\" data-id=\"5591\" data-link=\"https:\/\/asalaranjeiras.org.br\/site\/?attachment_id=5591\" class=\"wp-image-5591\" srcset=\"https:\/\/asalaranjeiras.org.br\/site\/wp-content\/uploads\/2020\/05\/WhatsApp-Image-2020-05-05-at-12.42.10-2-730x1024.jpeg 730w, https:\/\/asalaranjeiras.org.br\/site\/wp-content\/uploads\/2020\/05\/WhatsApp-Image-2020-05-05-at-12.42.10-2-107x150.jpeg 107w, https:\/\/asalaranjeiras.org.br\/site\/wp-content\/uploads\/2020\/05\/WhatsApp-Image-2020-05-05-at-12.42.10-2-214x300.jpeg 214w, https:\/\/asalaranjeiras.org.br\/site\/wp-content\/uploads\/2020\/05\/WhatsApp-Image-2020-05-05-at-12.42.10-2-768x1078.jpeg 768w, https:\/\/asalaranjeiras.org.br\/site\/wp-content\/uploads\/2020\/05\/WhatsApp-Image-2020-05-05-at-12.42.10-2-600x842.jpeg 600w, https:\/\/asalaranjeiras.org.br\/site\/wp-content\/uploads\/2020\/05\/WhatsApp-Image-2020-05-05-at-12.42.10-2.jpeg 912w\" sizes=\"auto, (max-width: 730px) 100vw, 730px\" \/><\/figure><\/li><li class=\"blocks-gallery-item\"><figure><img loading=\"lazy\" decoding=\"async\" width=\"1024\" height=\"577\" src=\"https:\/\/asalaranjeiras.org.br\/site\/wp-content\/uploads\/2020\/05\/WhatsApp-Image-2020-05-05-at-12.42.08-1024x577.jpeg\" alt=\"\" data-id=\"5586\" data-link=\"https:\/\/asalaranjeiras.org.br\/site\/?attachment_id=5586\" class=\"wp-image-5586\" srcset=\"https:\/\/asalaranjeiras.org.br\/site\/wp-content\/uploads\/2020\/05\/WhatsApp-Image-2020-05-05-at-12.42.08-1024x577.jpeg 1024w, https:\/\/asalaranjeiras.org.br\/site\/wp-content\/uploads\/2020\/05\/WhatsApp-Image-2020-05-05-at-12.42.08-150x84.jpeg 150w, https:\/\/asalaranjeiras.org.br\/site\/wp-content\/uploads\/2020\/05\/WhatsApp-Image-2020-05-05-at-12.42.08-300x169.jpeg 300w, https:\/\/asalaranjeiras.org.br\/site\/wp-content\/uploads\/2020\/05\/WhatsApp-Image-2020-05-05-at-12.42.08-768x433.jpeg 768w, https:\/\/asalaranjeiras.org.br\/site\/wp-content\/uploads\/2020\/05\/WhatsApp-Image-2020-05-05-at-12.42.08-1090x613.jpeg 1090w, https:\/\/asalaranjeiras.org.br\/site\/wp-content\/uploads\/2020\/05\/WhatsApp-Image-2020-05-05-at-12.42.08-600x338.jpeg 600w, https:\/\/asalaranjeiras.org.br\/site\/wp-content\/uploads\/2020\/05\/WhatsApp-Image-2020-05-05-at-12.42.08.jpeg 1280w\" sizes=\"auto, (max-width: 1024px) 100vw, 1024px\" \/><\/figure><\/li><\/ul>\n\n\n\n<p>\u00a0<\/p>\n","protected":false},"excerpt":{"rendered":"<p>A equipe do Programa Arte e Educa\u00e7\u00e3o produziu Kits de artes com materiais pedag\u00f3gicos e art\u00edsticos, dos Centros de Educa\u00e7\u00e3o Integral Cairu\u00e7u e, distribuiu entre as fam\u00edlias das crian\u00e7as e adolescentes que participam das atividades nos espa\u00e7os educativos da Associa\u00e7\u00e3o Cairu\u00e7u. &nbsp;\u201cA equipe observou que muitas crian\u00e7as estavam carentes desses materiais para expressarem seus desenhos, [&hellip;]<\/p>\n","protected":false},"author":2,"featured_media":0,"comment_status":"closed","ping_status":"open","sticky":false,"template":"","format":"standard","meta":{"_uag_custom_page_level_css":"","ghostkit_customizer_options":"","ghostkit_custom_css":"","ghostkit_custom_js_head":"","ghostkit_custom_js_foot":"","ghostkit_typography":"","footnotes":""},"categories":[52],"tags":[],"class_list":["post-5585","post","type-post","status-publish","format-standard","hentry","category-programa-pedagogico-social"],"uagb_featured_image_src":{"full":false,"thumbnail":false,"medium":false,"medium_large":false,"large":false,"1536x1536":false,"2048x2048":false,"awb_sm":false,"awb_md":false,"awb_lg":false,"awb_xl":false,"smr-thumb":false,"smr-thumb-full":false},"uagb_author_info":{"display_name":"Associa\u00e7\u00e3o Cairu\u00e7u","author_link":"https:\/\/asalaranjeiras.org.br\/site\/author\/cairucu\/"},"uagb_comment_info":0,"uagb_excerpt":"A equipe do Programa Arte e Educa\u00e7\u00e3o produziu Kits de artes com materiais pedag\u00f3gicos e art\u00edsticos, dos Centros de Educa\u00e7\u00e3o Integral Cairu\u00e7u e, distribuiu entre as fam\u00edlias das crian\u00e7as e adolescentes que participam das atividades nos espa\u00e7os educativos da Associa\u00e7\u00e3o Cairu\u00e7u. &nbsp;\u201cA equipe observou que muitas crian\u00e7as estavam carentes desses materiais para expressarem seus desenhos,&hellip;","_links":{"self":[{"href":"https:\/\/asalaranjeiras.org.br\/site\/wp-json\/wp\/v2\/posts\/5585","targetHints":{"allow":["GET"]}}],"collection":[{"href":"https:\/\/asalaranjeiras.org.br\/site\/wp-json\/wp\/v2\/posts"}],"about":[{"href":"https:\/\/asalaranjeiras.org.br\/site\/wp-json\/wp\/v2\/types\/post"}],"author":[{"embeddable":true,"href":"https:\/\/asalaranjeiras.org.br\/site\/wp-json\/wp\/v2\/users\/2"}],"replies":[{"embeddable":true,"href":"https:\/\/asalaranjeiras.org.br\/site\/wp-json\/wp\/v2\/comments?post=5585"}],"version-history":[{"count":1,"href":"https:\/\/asalaranjeiras.org.br\/site\/wp-json\/wp\/v2\/posts\/5585\/revisions"}],"predecessor-version":[{"id":5592,"href":"https:\/\/asalaranjeiras.org.br\/site\/wp-json\/wp\/v2\/posts\/5585\/revisions\/5592"}],"wp:attachment":[{"href":"https:\/\/asalaranjeiras.org.br\/site\/wp-json\/wp\/v2\/media?parent=5585"}],"wp:term":[{"taxonomy":"category","embeddable":true,"href":"https:\/\/asalaranjeiras.org.br\/site\/wp-json\/wp\/v2\/categories?post=5585"},{"taxonomy":"post_tag","embeddable":true,"href":"https:\/\/asalaranjeiras.org.br\/site\/wp-json\/wp\/v2\/tags?post=5585"}],"curies":[{"name":"wp","href":"https:\/\/api.w.org\/{rel}","templated":true}]}}