{"id":992,"date":"2019-08-08T16:01:12","date_gmt":"2019-08-08T16:01:12","guid":{"rendered":"https:\/\/asalaranjeiras.org.br\/site\/?p=992"},"modified":"2023-08-21T11:49:25","modified_gmt":"2023-08-21T11:49:25","slug":"reinventando-os-ambientes-dos-centros-de-educacao-integral-cairucu","status":"publish","type":"post","link":"https:\/\/asalaranjeiras.org.br\/site\/reinventando-os-ambientes-dos-centros-de-educacao-integral-cairucu\/","title":{"rendered":"Reinventando os ambientes dos Centros de Educa\u00e7\u00e3o Integral Cairu\u00e7u"},"content":{"rendered":"\n<hr class=\"wp-block-separator\"\/>\n\n\n\n<p class=\"has-drop-cap\">O Projeto Oficina de Artes no 1\u00ba semestre teve\ncomo foco principal a renova\u00e7\u00e3o de alguns espa\u00e7os nos Centros de Educa\u00e7\u00e3o\nIntegral Cairu\u00e7u &#8211; CEICs, unidades Patrim\u00f4nio e Laranjeiras, &nbsp;atrav\u00e9s da arte criativa e reciclada. <\/p>\n\n\n\n<p>Socializar as express\u00f5es art\u00edsticas nos espa\u00e7os educativos,\ntendo como produto final ambientes renovados e pedagogicamente pensados, foi a proposta\nfeita pela coordenadora do Programa Arte e Educa\u00e7\u00e3o, Andr\u00e9ia do Almo, \u00e0\nartista, designer e educadora Beatriz Rocco. Juntas, pensaram e realizaram diversas\na\u00e7\u00f5es de redesenho dos espa\u00e7os CEICs, com um custo pequeno, utilizando materiais\nreciclados e reaproveitamento de m\u00f3veis e pain\u00e9is de exposi\u00e7\u00f5es antigas da\nAssocia\u00e7\u00e3o Cairu\u00e7u. <\/p>\n\n\n\n<p>Algumas atividades descritas aqui mostram a criatividade e participa\u00e7\u00e3o do p\u00fablico, atores principais das oficinas.&nbsp; Foram elas: desenho e pintura de murais, com silhuetas de bailarinas e de folhagens no espa\u00e7o de dan\u00e7a do CEIC Patrim\u00f4nio, com participa\u00e7\u00e3o das alunas do ballet e m\u00e3es do Projeto de Dan\u00e7a; pintura de parede externa do CEIC Patrim\u00f4nio pelo grupo de m\u00e3es do Projeto Dan\u00e7a, formando o \u201ccantinho do lanche\u201d; pintura e reaproveitamento de m\u00f3veis, prateleiras, quadro de giz e placas para a transforma\u00e7\u00e3o de v\u00e1rios espa\u00e7os do CEIC Laranjeiras, como corredor receptivo, sala multiuso, espa\u00e7o de leitura, espa\u00e7o de lanche, sala de tecnologia e sinaliza\u00e7\u00e3o dos banheiros, contando com a participa\u00e7\u00e3o da monitora local e alunos de v\u00e1rios projetos.&nbsp; Nos corredores dos dois CEICs pain\u00e9is de exposi\u00e7\u00f5es antigas foram fixados, compondo com cores e imagens &nbsp;a releitura dos espa\u00e7os e ambientes.<\/p>\n\n\n\n<hr class=\"wp-block-separator\"\/>\n\n\n\n<p class=\"has-text-align-center\">Galeria de Fotos, Laranjeiras<\/p>\n\n\n\n<figure class=\"wp-block-gallery columns-3 is-cropped wp-block-gallery-1 is-layout-flex wp-block-gallery-is-layout-flex\"><ul class=\"blocks-gallery-grid\"><li class=\"blocks-gallery-item\"><figure><img loading=\"lazy\" decoding=\"async\" width=\"576\" height=\"1024\" src=\"https:\/\/asalaranjeiras.org.br\/site\/wp-content\/uploads\/2019\/08\/antes-corredor-receptivo-CEIC-LAR-576x1024.jpeg\" alt=\"\" data-id=\"994\" data-link=\"https:\/\/asalaranjeiras.org.br\/site\/reinventando-os-ambientes-dos-centros-de-educacao-integral-cairucu\/antes-corredor-receptivo-ceic-lar\/\" class=\"wp-image-994\" srcset=\"https:\/\/asalaranjeiras.org.br\/site\/wp-content\/uploads\/2019\/08\/antes-corredor-receptivo-CEIC-LAR-576x1024.jpeg 576w, https:\/\/asalaranjeiras.org.br\/site\/wp-content\/uploads\/2019\/08\/antes-corredor-receptivo-CEIC-LAR-600x1067.jpeg 600w, https:\/\/asalaranjeiras.org.br\/site\/wp-content\/uploads\/2019\/08\/antes-corredor-receptivo-CEIC-LAR-169x300.jpeg 169w, https:\/\/asalaranjeiras.org.br\/site\/wp-content\/uploads\/2019\/08\/antes-corredor-receptivo-CEIC-LAR-768x1365.jpeg 768w, https:\/\/asalaranjeiras.org.br\/site\/wp-content\/uploads\/2019\/08\/antes-corredor-receptivo-CEIC-LAR.jpeg 1836w\" sizes=\"auto, (max-width: 576px) 100vw, 576px\" \/><\/figure><\/li><li class=\"blocks-gallery-item\"><figure><img loading=\"lazy\" decoding=\"async\" width=\"576\" height=\"1024\" src=\"https:\/\/asalaranjeiras.org.br\/site\/wp-content\/uploads\/2019\/08\/antes-sala-multiuso-576x1024.jpeg\" alt=\"\" data-id=\"995\" data-link=\"https:\/\/asalaranjeiras.org.br\/site\/reinventando-os-ambientes-dos-centros-de-educacao-integral-cairucu\/antes-sala-multiuso\/\" class=\"wp-image-995\" srcset=\"https:\/\/asalaranjeiras.org.br\/site\/wp-content\/uploads\/2019\/08\/antes-sala-multiuso-576x1024.jpeg 576w, https:\/\/asalaranjeiras.org.br\/site\/wp-content\/uploads\/2019\/08\/antes-sala-multiuso-600x1067.jpeg 600w, https:\/\/asalaranjeiras.org.br\/site\/wp-content\/uploads\/2019\/08\/antes-sala-multiuso-169x300.jpeg 169w, https:\/\/asalaranjeiras.org.br\/site\/wp-content\/uploads\/2019\/08\/antes-sala-multiuso-768x1365.jpeg 768w, https:\/\/asalaranjeiras.org.br\/site\/wp-content\/uploads\/2019\/08\/antes-sala-multiuso.jpeg 1836w\" sizes=\"auto, (max-width: 576px) 100vw, 576px\" \/><\/figure><\/li><li class=\"blocks-gallery-item\"><figure><img loading=\"lazy\" decoding=\"async\" width=\"1024\" height=\"768\" src=\"https:\/\/asalaranjeiras.org.br\/site\/wp-content\/uploads\/2019\/08\/corredor-receptivo-CEIC-LAR-1024x768.jpg\" alt=\"\" data-id=\"996\" data-link=\"https:\/\/asalaranjeiras.org.br\/site\/reinventando-os-ambientes-dos-centros-de-educacao-integral-cairucu\/corredor-receptivo-ceic-lar\/\" class=\"wp-image-996\" srcset=\"https:\/\/asalaranjeiras.org.br\/site\/wp-content\/uploads\/2019\/08\/corredor-receptivo-CEIC-LAR-1024x768.jpg 1024w, https:\/\/asalaranjeiras.org.br\/site\/wp-content\/uploads\/2019\/08\/corredor-receptivo-CEIC-LAR-600x450.jpg 600w, https:\/\/asalaranjeiras.org.br\/site\/wp-content\/uploads\/2019\/08\/corredor-receptivo-CEIC-LAR-300x225.jpg 300w, https:\/\/asalaranjeiras.org.br\/site\/wp-content\/uploads\/2019\/08\/corredor-receptivo-CEIC-LAR-768x576.jpg 768w\" sizes=\"auto, (max-width: 1024px) 100vw, 1024px\" \/><\/figure><\/li><li class=\"blocks-gallery-item\"><figure><img loading=\"lazy\" decoding=\"async\" width=\"1024\" height=\"498\" src=\"https:\/\/asalaranjeiras.org.br\/site\/wp-content\/uploads\/2019\/08\/espa\u00feo-de-leitura-CEIC-LAR-2-1024x498.jpg\" alt=\"\" data-id=\"997\" data-link=\"https:\/\/asalaranjeiras.org.br\/site\/reinventando-os-ambientes-dos-centros-de-educacao-integral-cairucu\/espatho-de-leitura-ceic-lar-2\/\" class=\"wp-image-997\" srcset=\"https:\/\/asalaranjeiras.org.br\/site\/wp-content\/uploads\/2019\/08\/espa\u00feo-de-leitura-CEIC-LAR-2-1024x498.jpg 1024w, https:\/\/asalaranjeiras.org.br\/site\/wp-content\/uploads\/2019\/08\/espa\u00feo-de-leitura-CEIC-LAR-2-600x292.jpg 600w, https:\/\/asalaranjeiras.org.br\/site\/wp-content\/uploads\/2019\/08\/espa\u00feo-de-leitura-CEIC-LAR-2-300x146.jpg 300w, https:\/\/asalaranjeiras.org.br\/site\/wp-content\/uploads\/2019\/08\/espa\u00feo-de-leitura-CEIC-LAR-2-768x373.jpg 768w, https:\/\/asalaranjeiras.org.br\/site\/wp-content\/uploads\/2019\/08\/espa\u00feo-de-leitura-CEIC-LAR-2.jpg 1280w\" sizes=\"auto, (max-width: 1024px) 100vw, 1024px\" \/><\/figure><\/li><li class=\"blocks-gallery-item\"><figure><img loading=\"lazy\" decoding=\"async\" width=\"572\" height=\"704\" src=\"https:\/\/asalaranjeiras.org.br\/site\/wp-content\/uploads\/2019\/08\/espa\u00feo-de-leitura-CEIC-LAR.jpg\" alt=\"\" data-id=\"998\" data-link=\"https:\/\/asalaranjeiras.org.br\/site\/reinventando-os-ambientes-dos-centros-de-educacao-integral-cairucu\/espatho-de-leitura-ceic-lar\/\" class=\"wp-image-998\" srcset=\"https:\/\/asalaranjeiras.org.br\/site\/wp-content\/uploads\/2019\/08\/espa\u00feo-de-leitura-CEIC-LAR.jpg 572w, https:\/\/asalaranjeiras.org.br\/site\/wp-content\/uploads\/2019\/08\/espa\u00feo-de-leitura-CEIC-LAR-244x300.jpg 244w\" sizes=\"auto, (max-width: 572px) 100vw, 572px\" \/><\/figure><\/li><li class=\"blocks-gallery-item\"><figure><img loading=\"lazy\" decoding=\"async\" width=\"1024\" height=\"576\" src=\"https:\/\/asalaranjeiras.org.br\/site\/wp-content\/uploads\/2019\/08\/pintura-sala-multiuso-1024x576.jpeg\" alt=\"\" data-id=\"999\" data-link=\"https:\/\/asalaranjeiras.org.br\/site\/reinventando-os-ambientes-dos-centros-de-educacao-integral-cairucu\/pintura-sala-multiuso\/\" class=\"wp-image-999\" srcset=\"https:\/\/asalaranjeiras.org.br\/site\/wp-content\/uploads\/2019\/08\/pintura-sala-multiuso-1024x576.jpeg 1024w, https:\/\/asalaranjeiras.org.br\/site\/wp-content\/uploads\/2019\/08\/pintura-sala-multiuso-600x338.jpeg 600w, https:\/\/asalaranjeiras.org.br\/site\/wp-content\/uploads\/2019\/08\/pintura-sala-multiuso-300x169.jpeg 300w, https:\/\/asalaranjeiras.org.br\/site\/wp-content\/uploads\/2019\/08\/pintura-sala-multiuso-768x432.jpeg 768w\" sizes=\"auto, (max-width: 1024px) 100vw, 1024px\" \/><\/figure><\/li><li class=\"blocks-gallery-item\"><figure><img loading=\"lazy\" decoding=\"async\" width=\"1024\" height=\"768\" src=\"https:\/\/asalaranjeiras.org.br\/site\/wp-content\/uploads\/2019\/08\/sala-multiuso-CEIC-LAR-1024x768.jpg\" alt=\"\" data-id=\"1000\" data-link=\"https:\/\/asalaranjeiras.org.br\/site\/reinventando-os-ambientes-dos-centros-de-educacao-integral-cairucu\/sala-multiuso-ceic-lar\/\" class=\"wp-image-1000\" srcset=\"https:\/\/asalaranjeiras.org.br\/site\/wp-content\/uploads\/2019\/08\/sala-multiuso-CEIC-LAR-1024x768.jpg 1024w, https:\/\/asalaranjeiras.org.br\/site\/wp-content\/uploads\/2019\/08\/sala-multiuso-CEIC-LAR-600x450.jpg 600w, https:\/\/asalaranjeiras.org.br\/site\/wp-content\/uploads\/2019\/08\/sala-multiuso-CEIC-LAR-300x225.jpg 300w, https:\/\/asalaranjeiras.org.br\/site\/wp-content\/uploads\/2019\/08\/sala-multiuso-CEIC-LAR-768x576.jpg 768w\" sizes=\"auto, (max-width: 1024px) 100vw, 1024px\" \/><\/figure><\/li><\/ul><\/figure>\n\n\n\n<hr class=\"wp-block-separator\"\/>\n\n\n\n<p class=\"has-text-align-center\">Galeria de Fotos, Patrim\u00f4nio<\/p>\n\n\n\n<figure class=\"wp-block-gallery columns-3 is-cropped wp-block-gallery-2 is-layout-flex wp-block-gallery-is-layout-flex\"><ul class=\"blocks-gallery-grid\"><li class=\"blocks-gallery-item\"><figure><img loading=\"lazy\" decoding=\"async\" width=\"1024\" height=\"817\" src=\"https:\/\/asalaranjeiras.org.br\/site\/wp-content\/uploads\/2019\/08\/brinquedoteca-CEIC-PAT-1024x817.jpg\" alt=\"\" data-id=\"1001\" data-link=\"https:\/\/asalaranjeiras.org.br\/site\/reinventando-os-ambientes-dos-centros-de-educacao-integral-cairucu\/brinquedoteca-ceic-pat\/\" class=\"wp-image-1001\" srcset=\"https:\/\/asalaranjeiras.org.br\/site\/wp-content\/uploads\/2019\/08\/brinquedoteca-CEIC-PAT-1024x817.jpg 1024w, https:\/\/asalaranjeiras.org.br\/site\/wp-content\/uploads\/2019\/08\/brinquedoteca-CEIC-PAT-600x478.jpg 600w, https:\/\/asalaranjeiras.org.br\/site\/wp-content\/uploads\/2019\/08\/brinquedoteca-CEIC-PAT-300x239.jpg 300w, https:\/\/asalaranjeiras.org.br\/site\/wp-content\/uploads\/2019\/08\/brinquedoteca-CEIC-PAT-768x612.jpg 768w\" sizes=\"auto, (max-width: 1024px) 100vw, 1024px\" \/><\/figure><\/li><li class=\"blocks-gallery-item\"><figure><img loading=\"lazy\" decoding=\"async\" width=\"944\" height=\"622\" src=\"https:\/\/asalaranjeiras.org.br\/site\/wp-content\/uploads\/2019\/08\/brinquedoteca.jpg\" alt=\"\" data-id=\"1002\" data-link=\"https:\/\/asalaranjeiras.org.br\/site\/reinventando-os-ambientes-dos-centros-de-educacao-integral-cairucu\/brinquedoteca\/\" class=\"wp-image-1002\" srcset=\"https:\/\/asalaranjeiras.org.br\/site\/wp-content\/uploads\/2019\/08\/brinquedoteca.jpg 944w, https:\/\/asalaranjeiras.org.br\/site\/wp-content\/uploads\/2019\/08\/brinquedoteca-600x395.jpg 600w, https:\/\/asalaranjeiras.org.br\/site\/wp-content\/uploads\/2019\/08\/brinquedoteca-300x198.jpg 300w, https:\/\/asalaranjeiras.org.br\/site\/wp-content\/uploads\/2019\/08\/brinquedoteca-768x506.jpg 768w\" sizes=\"auto, (max-width: 944px) 100vw, 944px\" \/><\/figure><\/li><li class=\"blocks-gallery-item\"><figure><img loading=\"lazy\" decoding=\"async\" width=\"1024\" height=\"768\" src=\"https:\/\/asalaranjeiras.org.br\/site\/wp-content\/uploads\/2019\/08\/cantinho-do-lanche-CEIC-PAT-1024x768.jpg\" alt=\"\" data-id=\"1003\" data-link=\"https:\/\/asalaranjeiras.org.br\/site\/reinventando-os-ambientes-dos-centros-de-educacao-integral-cairucu\/cantinho-do-lanche-ceic-pat\/\" class=\"wp-image-1003\" srcset=\"https:\/\/asalaranjeiras.org.br\/site\/wp-content\/uploads\/2019\/08\/cantinho-do-lanche-CEIC-PAT-1024x768.jpg 1024w, https:\/\/asalaranjeiras.org.br\/site\/wp-content\/uploads\/2019\/08\/cantinho-do-lanche-CEIC-PAT-600x450.jpg 600w, https:\/\/asalaranjeiras.org.br\/site\/wp-content\/uploads\/2019\/08\/cantinho-do-lanche-CEIC-PAT-300x225.jpg 300w, https:\/\/asalaranjeiras.org.br\/site\/wp-content\/uploads\/2019\/08\/cantinho-do-lanche-CEIC-PAT-768x576.jpg 768w, https:\/\/asalaranjeiras.org.br\/site\/wp-content\/uploads\/2019\/08\/cantinho-do-lanche-CEIC-PAT.jpg 1158w\" sizes=\"auto, (max-width: 1024px) 100vw, 1024px\" \/><\/figure><\/li><li class=\"blocks-gallery-item\"><figure><img loading=\"lazy\" decoding=\"async\" width=\"1024\" height=\"768\" src=\"https:\/\/asalaranjeiras.org.br\/site\/wp-content\/uploads\/2019\/08\/mural-folhas-grupo-de-m\u00d2es-1024x768.jpeg\" alt=\"\" data-id=\"1004\" data-link=\"https:\/\/asalaranjeiras.org.br\/site\/reinventando-os-ambientes-dos-centros-de-educacao-integral-cairucu\/mural-folhas-grupo-de-moes\/\" class=\"wp-image-1004\" srcset=\"https:\/\/asalaranjeiras.org.br\/site\/wp-content\/uploads\/2019\/08\/mural-folhas-grupo-de-m\u00d2es-1024x768.jpeg 1024w, https:\/\/asalaranjeiras.org.br\/site\/wp-content\/uploads\/2019\/08\/mural-folhas-grupo-de-m\u00d2es-600x450.jpeg 600w, https:\/\/asalaranjeiras.org.br\/site\/wp-content\/uploads\/2019\/08\/mural-folhas-grupo-de-m\u00d2es-300x225.jpeg 300w, https:\/\/asalaranjeiras.org.br\/site\/wp-content\/uploads\/2019\/08\/mural-folhas-grupo-de-m\u00d2es-768x576.jpeg 768w\" sizes=\"auto, (max-width: 1024px) 100vw, 1024px\" \/><\/figure><\/li><li class=\"blocks-gallery-item\"><figure><img loading=\"lazy\" decoding=\"async\" width=\"768\" height=\"1024\" src=\"https:\/\/asalaranjeiras.org.br\/site\/wp-content\/uploads\/2019\/08\/pintura-cantinho-do-lanche-CEIC-PAT-768x1024.jpg\" alt=\"\" data-id=\"1005\" data-link=\"https:\/\/asalaranjeiras.org.br\/site\/reinventando-os-ambientes-dos-centros-de-educacao-integral-cairucu\/pintura-cantinho-do-lanche-ceic-pat\/\" class=\"wp-image-1005\" srcset=\"https:\/\/asalaranjeiras.org.br\/site\/wp-content\/uploads\/2019\/08\/pintura-cantinho-do-lanche-CEIC-PAT-768x1024.jpg 768w, https:\/\/asalaranjeiras.org.br\/site\/wp-content\/uploads\/2019\/08\/pintura-cantinho-do-lanche-CEIC-PAT-600x800.jpg 600w, https:\/\/asalaranjeiras.org.br\/site\/wp-content\/uploads\/2019\/08\/pintura-cantinho-do-lanche-CEIC-PAT-225x300.jpg 225w\" sizes=\"auto, (max-width: 768px) 100vw, 768px\" \/><\/figure><\/li><li class=\"blocks-gallery-item\"><figure><img loading=\"lazy\" decoding=\"async\" width=\"768\" height=\"1024\" src=\"https:\/\/asalaranjeiras.org.br\/site\/wp-content\/uploads\/2019\/08\/siluetas-2-768x1024.jpg\" alt=\"\" data-id=\"1006\" data-link=\"https:\/\/asalaranjeiras.org.br\/site\/reinventando-os-ambientes-dos-centros-de-educacao-integral-cairucu\/siluetas-2\/\" class=\"wp-image-1006\" srcset=\"https:\/\/asalaranjeiras.org.br\/site\/wp-content\/uploads\/2019\/08\/siluetas-2-768x1024.jpg 768w, https:\/\/asalaranjeiras.org.br\/site\/wp-content\/uploads\/2019\/08\/siluetas-2-600x800.jpg 600w, https:\/\/asalaranjeiras.org.br\/site\/wp-content\/uploads\/2019\/08\/siluetas-2-225x300.jpg 225w, https:\/\/asalaranjeiras.org.br\/site\/wp-content\/uploads\/2019\/08\/siluetas-2.jpg 960w\" sizes=\"auto, (max-width: 768px) 100vw, 768px\" \/><\/figure><\/li><\/ul><\/figure>\n","protected":false},"excerpt":{"rendered":"<p>O Projeto Oficina de Artes no 1\u00ba semestre teve como foco principal a renova\u00e7\u00e3o de alguns espa\u00e7os nos Centros de Educa\u00e7\u00e3o Integral Cairu\u00e7u &#8211; CEICs, unidades Patrim\u00f4nio e Laranjeiras, &nbsp;atrav\u00e9s da arte criativa e reciclada. Socializar as express\u00f5es art\u00edsticas nos espa\u00e7os educativos, tendo como produto final ambientes renovados e pedagogicamente pensados, foi a proposta feita [&hellip;]<\/p>\n","protected":false},"author":2,"featured_media":0,"comment_status":"closed","ping_status":"open","sticky":false,"template":"","format":"standard","meta":{"_uag_custom_page_level_css":"","ghostkit_customizer_options":"","ghostkit_custom_css":"","ghostkit_custom_js_head":"","ghostkit_custom_js_foot":"","ghostkit_typography":"","footnotes":""},"categories":[52],"tags":[],"class_list":["post-992","post","type-post","status-publish","format-standard","hentry","category-programa-pedagogico-social"],"uagb_featured_image_src":{"full":false,"thumbnail":false,"medium":false,"medium_large":false,"large":false,"1536x1536":false,"2048x2048":false,"awb_sm":false,"awb_md":false,"awb_lg":false,"awb_xl":false,"smr-thumb":false,"smr-thumb-full":false},"uagb_author_info":{"display_name":"Associa\u00e7\u00e3o Cairu\u00e7u","author_link":"https:\/\/asalaranjeiras.org.br\/site\/author\/cairucu\/"},"uagb_comment_info":0,"uagb_excerpt":"O Projeto Oficina de Artes no 1\u00ba semestre teve como foco principal a renova\u00e7\u00e3o de alguns espa\u00e7os nos Centros de Educa\u00e7\u00e3o Integral Cairu\u00e7u &#8211; CEICs, unidades Patrim\u00f4nio e Laranjeiras, &nbsp;atrav\u00e9s da arte criativa e reciclada. Socializar as express\u00f5es art\u00edsticas nos espa\u00e7os educativos, tendo como produto final ambientes renovados e pedagogicamente pensados, foi a proposta feita&hellip;","_links":{"self":[{"href":"https:\/\/asalaranjeiras.org.br\/site\/wp-json\/wp\/v2\/posts\/992","targetHints":{"allow":["GET"]}}],"collection":[{"href":"https:\/\/asalaranjeiras.org.br\/site\/wp-json\/wp\/v2\/posts"}],"about":[{"href":"https:\/\/asalaranjeiras.org.br\/site\/wp-json\/wp\/v2\/types\/post"}],"author":[{"embeddable":true,"href":"https:\/\/asalaranjeiras.org.br\/site\/wp-json\/wp\/v2\/users\/2"}],"replies":[{"embeddable":true,"href":"https:\/\/asalaranjeiras.org.br\/site\/wp-json\/wp\/v2\/comments?post=992"}],"version-history":[{"count":4,"href":"https:\/\/asalaranjeiras.org.br\/site\/wp-json\/wp\/v2\/posts\/992\/revisions"}],"predecessor-version":[{"id":45681,"href":"https:\/\/asalaranjeiras.org.br\/site\/wp-json\/wp\/v2\/posts\/992\/revisions\/45681"}],"wp:attachment":[{"href":"https:\/\/asalaranjeiras.org.br\/site\/wp-json\/wp\/v2\/media?parent=992"}],"wp:term":[{"taxonomy":"category","embeddable":true,"href":"https:\/\/asalaranjeiras.org.br\/site\/wp-json\/wp\/v2\/categories?post=992"},{"taxonomy":"post_tag","embeddable":true,"href":"https:\/\/asalaranjeiras.org.br\/site\/wp-json\/wp\/v2\/tags?post=992"}],"curies":[{"name":"wp","href":"https:\/\/api.w.org\/{rel}","templated":true}]}}